{"id":569133,"date":"2022-12-15T00:03:33","date_gmt":"2022-12-15T06:03:33","guid":{"rendered":"https:\/\/www.diarioimagen.net\/?p=569133"},"modified":"2022-12-15T01:04:19","modified_gmt":"2022-12-15T07:04:19","slug":"desajustes-en-gobierno-mexiquense","status":"publish","type":"post","link":"https:\/\/www.diarioimagen.net\/?p=569133","title":{"rendered":"(Des)ajustes en gobierno mexiquense"},"content":{"rendered":"<h2>Espacio Electoral<\/h2>\n<h5>Eleazar Flores<\/h5>\n<p>&nbsp;<\/p>\n<p><strong>TAMBI\u00c9N EN EL PRI-.<\/strong> En tanto que los \u201cmorenos\u201d mexiquenses bailan al ritmo que les dicta su comandante guinda de Palacio Nacional, en el PRI mexiquense se incorporar\u00e1n nuevos cuadros para reforzar la estructura electoral con miras a las elecci\u00f3n para gobernador en 2023.<\/p>\n<p>Y para inscribir a la candidatura aliancista \u201cPor el bien del Estado de M\u00e9xico\u201d, con el apoyo del PAN, PRI y PRD, se har\u00e1 entre el 2 y el 6 de enero del inminente 2023, cuando ya todo o casi todo, se tenga amarrado. Lo de Ana Lilia Herrera sigue siendo un misterio para inquietud de quien despacha en Lerdo 300, en Palacio de Gobierno.<\/p>\n<p>Tan imperceptibles son los cambios hechos a la administraci\u00f3n del gobernador Alfredo del Mazo Maza, que lo m\u00e1s notorio no fueron las altas, sino la baja de Martha Hilda Gonz\u00e1lez Calder\u00f3n de la titularidad de la Secretar\u00eda de la Mujer, consecuencia de su larga trayectoria como diputada local, federal, alcaldesa de Toluca y titular de varias secretar\u00edas como Turismo, Trabajo y la ya citada.<\/p>\n<p>A Martha Hilda le espera una alta responsabilidad en el cuadro titular del Comit\u00e9 Directivo Estatal del PRI, por ahora al mando de Eric Sevilla Montes de Oca, con el apoyo de la \u201cdefensora del estado\u201d, Alejandra Del Moral, que de darse las cosas como van, cambiar\u00eda del piel.<\/p>\n<p>Olvidaba que las nuevas integrantes del gabinete legal mexiquense son Brenda Alvarado, al frente de la Secretar\u00eda de Desarrollo Social del Estado, Sedesem, dependencia manejadora del ic\u00f3nico programa Salario Rosa, que a estas alturas de la semifinal futbolera, ya cuenta con una membres\u00eda de m\u00e1s de 600 mil mujeres, receptoras de apoyos mensuales, preferentemente en especie, consistentes en productos alimenticios b\u00e1sicos.<\/p>\n<p>La otra alta es la de Denisse Ugalde, ex alcaldesa de Tlalnepantla, y que entr\u00f3 justamente en el cargo que ven\u00eda desempe\u00f1ando la citada Martha Hilda Gonz\u00e1lez Calder\u00f3n.<\/p>\n<p>Hasta este diciembre, son los \u00fanicos cambios en el gabinete mexiquense, pero vendr\u00e1n otros programados para enero, mes en el que los mayores cambios se dar\u00e1n justamente en el partido tricolor.<\/p>\n<p><strong>ALIANZAS-.<\/strong> Lo de las multicitadas alianzas es cuesti\u00f3n de d\u00edas entre PAN, PRI y PRD, pero se hacen esfuerzos soterrados para que Movimiento Ciudadano se sume. Los enterados dicen que est\u00e1 vendiendo cara la operaci\u00f3n, con candidaturas en las principales presidencias municipales ubicadas muchas de ellas en el Valle de M\u00e9xico, como Nezahualc\u00f3yotl, Ecatepec, Tlalnepantla y Naucalpan entre otras..<\/p>\n<p>Todo lo anterior, altas y bajas en el gobierno y el PRI llevan un prop\u00f3sito, alcanzar y rebasar las tareas de Morena, partido y candidata muy adelantados por sus tareas extempor\u00e1neas.<\/p>\n<p>Teniendo puntos d\u00e9biles ambos, ser\u00eda f\u00e1cil alcanzarlos.<\/p>\n<p><em><a href=\"mailto:elefa44@gmail.com\" target=\"_blank\" rel=\"noopener noreferrer\">lefa44@gmail.com<\/a><\/em><\/p>\n","protected":false},"excerpt":{"rendered":"<p><span style=\"color: #005497;\"><strong>Eleazar Flores<\/strong><\/span><\/p>\n","protected":false},"author":3,"featured_media":0,"comment_status":"open","ping_status":"open","sticky":false,"template":"","format":"standard","meta":{"_monsterinsights_skip_tracking":false,"_monsterinsights_sitenote_active":false,"_monsterinsights_sitenote_note":"","_monsterinsights_sitenote_category":0,"footnotes":""},"categories":[81743],"tags":[81744,81776,43674],"class_list":["post-569133","post","type-post","status-publish","format-standard","hentry","category-eleazar-flores","tag-eleazar-flores","tag-espacio-electoral","tag-opinion"],"_links":{"self":[{"href":"https:\/\/www.diarioimagen.net\/index.php?rest_route=\/wp\/v2\/posts\/569133","targetHints":{"allow":["GET"]}}],"collection":[{"href":"https:\/\/www.diarioimagen.net\/index.php?rest_route=\/wp\/v2\/posts"}],"about":[{"href":"https:\/\/www.diarioimagen.net\/index.php?rest_route=\/wp\/v2\/types\/post"}],"author":[{"embeddable":true,"href":"https:\/\/www.diarioimagen.net\/index.php?rest_route=\/wp\/v2\/users\/3"}],"replies":[{"embeddable":true,"href":"https:\/\/www.diarioimagen.net\/index.php?rest_route=%2Fwp%2Fv2%2Fcomments&post=569133"}],"version-history":[{"count":0,"href":"https:\/\/www.diarioimagen.net\/index.php?rest_route=\/wp\/v2\/posts\/569133\/revisions"}],"wp:attachment":[{"href":"https:\/\/www.diarioimagen.net\/index.php?rest_route=%2Fwp%2Fv2%2Fmedia&parent=569133"}],"wp:term":[{"taxonomy":"category","embeddable":true,"href":"https:\/\/www.diarioimagen.net\/index.php?rest_route=%2Fwp%2Fv2%2Fcategories&post=569133"},{"taxonomy":"post_tag","embeddable":true,"href":"https:\/\/www.diarioimagen.net\/index.php?rest_route=%2Fwp%2Fv2%2Ftags&post=569133"}],"curies":[{"name":"wp","href":"https:\/\/api.w.org\/{rel}","templated":true}]}}