{"id":569146,"date":"2022-12-15T00:07:40","date_gmt":"2022-12-15T06:07:40","guid":{"rendered":"https:\/\/www.diarioimagen.net\/?p=569146"},"modified":"2022-12-15T01:18:37","modified_gmt":"2022-12-15T07:18:37","slug":"monreal-se-nego-a-aprobar-reformas-del-plan-b-y-puso-en-juego-su-futuro","status":"publish","type":"post","link":"https:\/\/www.diarioimagen.net\/?p=569146","title":{"rendered":"Monreal se neg\u00f3 a aprobar reformas del \u201cplan B\u201d y puso en juego su futuro"},"content":{"rendered":"<h2>Clase Pol\u00edtica<\/h2>\n<h5>Miguel \u00c1ngel Rivera<\/h5>\n<p><strong>\u00a0<\/strong><\/p>\n<p>Ricardo Monreal \u00c1vila cruz\u00f3 ayer el Rubic\u00f3n, pero se ignora si triunfar\u00e1 como el romano Julio C\u00e9sar a pesar de la oposici\u00f3n del Senado Romano.<\/p>\n<p>Por lo pronto, dej\u00f3 en el aire su condici\u00f3n de presidente de la Junta de Coordinaci\u00f3n Pol\u00edtica (Jucopo) y, sobre todo, de coordinador de la bancada de Morena.<\/p>\n<p>El punto de inflexi\u00f3n fue el anuncio hecho por el legislador zacatecano y doctor en Derecho de que no respalda incondicionalmente la reforma electoral que trata de imponer el l\u00edder y gu\u00eda de la llamada Cuarta Transformaci\u00f3n, el presidente Andr\u00e9s Manuel L\u00f3pez Obrador, misma que se conoce popularmente como \u201cplan B\u201d:<\/p>\n<p>\u201cCreo que vulnera la Constituci\u00f3n\u201d, sentenci\u00f3 Monreal como remate a su exposici\u00f3n al exponer su voto particular en el que anunci\u00f3 que no respaldar\u00e1 partes sustanciales de la reforma promovida por el primer mandatario, quien envi\u00f3 como representante personal al Senado a su secretario de Gobernaci\u00f3n y \u201ccorcholata\u201d Ad\u00e1n Augusto L\u00f3pez Hern\u00e1ndez.<\/p>\n<p>\u201cAsumo lo que ense\u00f1o en los cursos de posgrado de la UNAM\u201d, dijo el doctor en Derecho, quien record\u00f3 al patricio Benito Ju\u00e1rez, que ante las instancias del entonces embajador de Gran Breta\u00f1a le propon\u00eda acciones ilegales, le respondi\u00f3: \u201che sido llamado a sostener la Constituci\u00f3n que jur\u00e9 cumplir y hacer cumplir. No puedo burlar la voluntad de los pueblos\u201d.<\/p>\n<p>El legislador zacatecano aclar\u00f3 asimismo que su posici\u00f3n es un asunto de car\u00e1cter personal y no debe ofender a nadie\u201d.<\/p>\n<p>\u201cNo soy ingenuo y s\u00e9 lo que me espera\u201d, dijo Monreal en un mensaje aparentemente dirigido a la asamblea del Senado, pero que seguramente lleg\u00f3 hasta Palacio Nacional, en donde se decide qui\u00e9n es el coordinador de la bancada oficialista.<\/p>\n<p>Como el Congreso termina hoy su periodo ordinario de sesiones y, seguramente, Morena y sus r\u00e9moras del PT y PVEM aprobar\u00e1n \u201csea como sea\u201d la reforma que les envi\u00f3 el primer mandatario, ya no habr\u00e1 cambios en los mandos legislativos, pero no hay seguridad de que Monreal regrese en febrero pr\u00f3ximo todav\u00eda como coordinador de la bancada mayoritaria.<\/p>\n<p>La discusi\u00f3n de las reformas secundarias en materia electoral se inici\u00f3 en el Senado con retraso de cinco horas, por la insistencia de PVEM y PT de mantener la posibilidad de transferir votos a los partidos peque\u00f1os, a trav\u00e9s de la figura de candidaturas comunes, tal como lo exigieron los aliados PVEM y PT.<\/p>\n<p>Ayer, como el <em>Hijo desobediente<\/em>, los senadores de Morena y sus sat\u00e9lites \u201cno entend\u00edan razones\u201d y confiaban en tener los votos necesarios para ofrendarle a su l\u00edder y gu\u00eda moral esta victoria en el Legislativo, aunque toda la oposici\u00f3n, aparte de Monreal, les se\u00f1alaron de manera reiterada que en el articulado de la reforma se incluyen temas que contravienen la Constituci\u00f3n que juraron cumplir y hacer cumplir.<\/p>\n<p>Los legisladores de Morena no s\u00f3lo tuvieron que lidiar con la oposici\u00f3n, sino tambi\u00e9n con sus supuestos asociados, del PT y el PVEM, que intentaban reponer la reforma que permite \u201ctraspasar\u201d votos de un partido a otro, con lo cual se asegura la supervivencia de esos partidos sat\u00e8lites.<\/p>\n<p>El coordinador de los diputados del PVEM, Carlos Puente Salas, se traslad\u00f3 al Senado para negociar la reforma, junto con el ex gobernador de Chiapas, Manuel Velasco, declar\u00f3 que no se trata de transferir votos, ni de vida eterna, sino de distribuir el porcentaje que se acuerde con cada partido, en las candidaturas comunes, que ya existen en las constituciones de 24 estados.<\/p>\n<p>Explic\u00f3 que tambi\u00e9n negocian recuperar los llamados \u201cguardaditos\u201d, es decir que los recursos que no gastaron en un a\u00f1o fiscal los puedan mantener y usar el a\u00f1o siguiente.<\/p>\n<p>Durante una reuni\u00f3n de los senadores de Morena, previa a la sesi\u00f3n, la mayor\u00eda decidi\u00f3 apoyar el dictamen, que no incluy\u00f3 los cambios propuestos por Monreal, tambi\u00e9n rechazados por Secretar\u00eda de Gobernaci\u00f3n y de la Consejer\u00eda Jur\u00eddica de la Presidencia.<\/p>\n<p style=\"text-align: center;\"><strong>Desagravio en la C\u00e1mara de Diputados al general Felipe \u00c1ngeles<\/strong><\/p>\n<p>Si en los hechos ha resultado un insulto al general revolucionario Felipe \u00c1ngeles Ram\u00edrez el haberle dedicado en su memoria un aeropuerto de segunda clase y semiabandonado, la C\u00e1mara de Diputados enmend\u00f3 un poco el da\u00f1o, al llevar su nombre, con letras de oro, al muro de honor del sal\u00f3n de sesiones del Palacio Legislativo de San L\u00e1zaro.<\/p>\n<p>A propuesta de la Secretaria General del CEN del PRI, diputada Carolina Viggiano, en Sesi\u00f3n Solemne de la C\u00e1mara de Diputados se devel\u00f3 el nombre del general hidalguense Felipe \u00c1ngeles, como un homenaje el revolucionario que supo conciliar la pol\u00edtica y lograr la paz.<\/p>\n<p>En una ceremonia a la que asistieron el gobernador Julio Menchaca, as\u00ed como la Presidenta del Tribunal Superior de Justicia de Hidalgo, Rebeca Aladro, y sobrinos nietos y sobrinos bisnietos del general revolucionario, se celebr\u00f3 el homenaje al hidalguense que sobresali\u00f3 por su entereza y convencimiento de hacer frente a las circunstancias, por adversas que fueran y que siempre estuvo al lado de las causas justas.<\/p>\n<p>En su intervenci\u00f3n durante la Sesi\u00f3n Solemne, la Secretaria General del tricolor, Carolina Viggiano, afirm\u00f3 que para los hidalguenses el nombre de Felipe \u00c1ngeles Ram\u00edrez \u201csignifica una referencia que nos convoca a trabajar unidos por nuestro estado, a resolver nuestras diferencias pol\u00edticas en la contienda electoral y a unir nuestros esfuerzos por el mismo suelo\u201d que lo vio nacer.<\/p>\n<p>Subray\u00f3 que \u00c1ngeles Ram\u00edrez fue una de las figuras m\u00e1s relevantes del movimiento revolucionario, \u201ccon un esp\u00edritu humanista\u201d y que destac\u00f3 por conducirse siempre por principios y valores. \u201cFue constructor de puentes, para conciliar la pol\u00edtica y lograr la paz en favor del pa\u00eds\u201d, enfatiz\u00f3.<\/p>\n<p>La diputada federal hidalguense expres\u00f3 que \u201choy, Hidalgo y M\u00e9xico est\u00e1n de fiesta\u201d, porque en el Muro de Honor de la C\u00e1mara de Diputados, que observa con orgullo nuestra historia y la fortaleza de la Patria, \u201clas letras de oro que hoy colocamos significan un homenaje justo para un patriota\u201d.<\/p>\n<p>Sobre dicho muro, la Secretaria General priista sostuvo que \u201ces s\u00edmbolo de nuestra democracia, de nuestro pasado y nuestro presente\u201d. Es tambi\u00e9n, a\u00f1adi\u00f3, un recordatorio permanente de las luchas que hemos vivido como pa\u00eds para alcanzar la libertad.<\/p>\n<p>\u201cHoy, recordamos a Felipe de Jes\u00fas \u00c1ngeles Ram\u00edrez; su nombre, por mucho tiempo olvidado en los libros de historia, es ahora reivindicado a efecto de darle un justo reconocimiento\u201d, expres\u00f3.<\/p>\n<p>La presidenta de la Comisi\u00f3n de R\u00e9gimen, Reglamentos y Pr\u00e1cticas Parlamentarias, Sonia Rocha Acosta, inform\u00f3 desde la tribuna que el dictamen sobre la propuesta de la diputada federal priista para la inscripci\u00f3n en letras de oro del nombre del General Felipe \u00c1ngeles se aprob\u00f3 por unanimidad.<\/p>\n<p style=\"text-align: center;\"><strong>Una buena noticia, en noviembre el secuestro disminuy\u00f3 casi 30 por ciento<\/strong><\/p>\n<p>En su reporte peri\u00f3dico, la organizaci\u00f3n Alto al Secuestro que realiza un seguimiento puntual de este delito en todo el pa\u00eds, inform\u00f3 que en noviembre se tuvo un resultado positivo, al disminuir el n\u00famero de casos en casi el treinta por ciento.<\/p>\n<p>La organizaci\u00f3n encabezada por Isabel Miranda report\u00f3 que durante el mes de noviembre hubo hubo una reducci\u00f3n de 26.7% en los eventos de secuestro. En el mes de noviembre de 2022 hay registro de 63 secuestros, en comparaci\u00f3n con los 86 del pasado mes de octubre.<\/p>\n<p>Adem\u00e1s se precisa que disminuy\u00f3 20.4% el n\u00famero de v\u00edctimas que sufrieron este delito, ya que durante el mes de noviembre 2022 hubo 105 v\u00edctimas mientras que en octubre 2022 fueron 132.<\/p>\n<p>Tambi\u00e9n se registr\u00f3 un descenso de 20.9% en el n\u00famero de detenidos relacionados al delito de secuestro, debido a que en noviembre de 2022 fueron detenidas 83 personas por la comisi\u00f3n de este delito mientras que en octubre fueron detenidos 105 presuntos responsables.<\/p>\n<p>Los estados con mayor incidencia en noviembre 2022:<\/p>\n<p>1.- Veracruz (10 secuestros)<br \/>\n2.- Estado de M\u00e9xico (8 secuestros)<br \/>\n3.- Sonora (5 secuestros)<br \/>\n4.- Baja California y Jalisco (4 secuestros, cada uno)<\/p>\n<p>Los estados con mayor tasa de secuestros por cada 100 mil habitantes en noviembre 2022 fueron:<\/p>\n<p>1.- Sonora<br \/>\n2.- Baja California Sur<br \/>\n3.- Quintana Roo<br \/>\n4.- Zacatecas<br \/>\n5.- Veracruz<\/p>\n<p>Los estados que reportaron cero secuestros fueron: Aguascalientes, Ciudad de M\u00e9xico, Coahuila, Colima, Durango, Nayarit, Quer\u00e9taro, Sinaloa y Yucat\u00e1n.<\/p>\n<p>Por \u00faltimo, Alto al Secuestro destac\u00f3 que hubo UN secuestro de 253 migrantes en Durango que NO fue reportado ni contabilizado por las autoridades estatales.<\/p>\n<p><em><a href=\"mailto:riparcangel@hotmail.com\" target=\"_blank\" rel=\"noopener noreferrer\">riparcangel@hotmail.com<\/a><\/em><\/p>\n","protected":false},"excerpt":{"rendered":"<p><span style=\"color: #005497;\"><strong>Miguel \u00c1ngel Rivera<\/strong><\/span<\/span><\/p>\n","protected":false},"author":3,"featured_media":0,"comment_status":"open","ping_status":"open","sticky":false,"template":"","format":"standard","meta":{"_monsterinsights_skip_tracking":false,"_monsterinsights_sitenote_active":false,"_monsterinsights_sitenote_note":"","_monsterinsights_sitenote_category":0,"footnotes":""},"categories":[84119],"tags":[84120,84121,43674],"class_list":["post-569146","post","type-post","status-publish","format-standard","hentry","category-miguel-angel-rivera","tag-clase-politica","tag-miguel-angel-rivera","tag-opinion"],"_links":{"self":[{"href":"https:\/\/www.diarioimagen.net\/index.php?rest_route=\/wp\/v2\/posts\/569146","targetHints":{"allow":["GET"]}}],"collection":[{"href":"https:\/\/www.diarioimagen.net\/index.php?rest_route=\/wp\/v2\/posts"}],"about":[{"href":"https:\/\/www.diarioimagen.net\/index.php?rest_route=\/wp\/v2\/types\/post"}],"author":[{"embeddable":true,"href":"https:\/\/www.diarioimagen.net\/index.php?rest_route=\/wp\/v2\/users\/3"}],"replies":[{"embeddable":true,"href":"https:\/\/www.diarioimagen.net\/index.php?rest_route=%2Fwp%2Fv2%2Fcomments&post=569146"}],"version-history":[{"count":0,"href":"https:\/\/www.diarioimagen.net\/index.php?rest_route=\/wp\/v2\/posts\/569146\/revisions"}],"wp:attachment":[{"href":"https:\/\/www.diarioimagen.net\/index.php?rest_route=%2Fwp%2Fv2%2Fmedia&parent=569146"}],"wp:term":[{"taxonomy":"category","embeddable":true,"href":"https:\/\/www.diarioimagen.net\/index.php?rest_route=%2Fwp%2Fv2%2Fcategories&post=569146"},{"taxonomy":"post_tag","embeddable":true,"href":"https:\/\/www.diarioimagen.net\/index.php?rest_route=%2Fwp%2Fv2%2Ftags&post=569146"}],"curies":[{"name":"wp","href":"https:\/\/api.w.org\/{rel}","templated":true}]}}