{"id":569147,"date":"2022-12-15T00:10:32","date_gmt":"2022-12-15T06:10:32","guid":{"rendered":"https:\/\/www.diarioimagen.net\/?p=569147"},"modified":"2022-12-15T01:24:41","modified_gmt":"2022-12-15T07:24:41","slug":"silvano-o-monreal","status":"publish","type":"post","link":"https:\/\/www.diarioimagen.net\/?p=569147","title":{"rendered":"\u00bfSilvano o Monreal?"},"content":{"rendered":"<h2>De frente y de perfil<\/h2>\n<h5>Ram\u00f3n Zurita Sahag\u00fan<\/h5>\n<p>&nbsp;<\/p>\n<p>\u00bfQu\u00e9 pasa en el PRD?<\/p>\n<p>Son tan pocos los que forman parte de este partido que hasta se asegura que son m\u00e1s los dirigentes que los militantes.<\/p>\n<p>Eso s\u00ed, el otrora orgulloso partido de izquierda que form\u00f3 parte fundamental de la construcci\u00f3n de la democracia mexicana conf\u00eda en aportar su propio candidato presidencial para someterlo a la consideraci\u00f3n de los ciudadanos, si es que se consolida la triple alianza conformada con panistas y priistas.<\/p>\n<p>Silvano Aureoles, tal vez, el \u00faltimo gobernador surgido del PRD crey\u00f3 en la factibilidad de poder construir una candidatura presidencial y decidi\u00f3 apostar su no tan fuerte presencia a nivel nacional y postularse como la carta valedera de este partido.<\/p>\n<p>Los perredistas ya no tienen mucho que aportar a la defensa de la democracia, m\u00e1s que las palabras de sus eternos l\u00edderes que fueron la causa principal del \u00e9xodo de sus militantes.<\/p>\n<p>Desde su arribo a la dirigencia del partido en una sumamente cuestionada elecci\u00f3n que fue catalogada como cochinero, los Chuchos, con sus principales figuras constituidas por Jes\u00fas Ortega y Jes\u00fas Zambrano, se apropiaron de los principales puestos de dirigencia por los que han pasado Guadalupe Acosta Naranjo, Carlos Navarrete y otros m\u00e1s, relegando a otros grupos min\u00fasculos que se mantienen dentro del partido.<\/p>\n<p>Despu\u00e9s de la presurosa salida de quienes se marcharon a Morena en 2014 y a\u00f1os subsecuentes, los perredistas manten\u00edan tres entidades gobernadas por sus militantes: Morelos, Graco Ram\u00edrez; Tabasco, Arturo N\u00fa\u00f1ez; y Michoac\u00e1n, Silvano Aureoles, quien fue el \u00faltimo que culmin\u00f3 su mandato.<\/p>\n<p>Por ser el m\u00e1s reciente ex gobernador perredista y con no tan buena fama pol\u00edtica, Silvano decidi\u00f3 explorar sus posibilidades en el entorno nacional.<\/p>\n<p>A su favor se encontraban las diferencias con el presidente L\u00f3pez Obrador, la guerra medi\u00e1tica en su contra y la escena del banquillo, fuera de Palacio Nacional, a la espera de que el Presidente lo recibiera, cosa que nunca sucedi\u00f3.<\/p>\n<p>Fue por eso que decidi\u00f3 anunciar su intenci\u00f3n de competir por la Presidencia de la Rep\u00fablica, consciente de que ser\u00e1 algo muy dif\u00edcil de alcanzar, pero que su labor proselitista servir\u00eda para evitar la extinci\u00f3n de un partido que amenaza con perder el registro en 2024.<\/p>\n<p>Sabe que las cosas se complican cada vez m\u00e1s y que el PRD perdi\u00f3 su registro local en la mayor\u00eda de los estados en que compiti\u00f3, a\u00fan yendo en alianza con panistas y priistas.<\/p>\n<p>Los pron\u00f3sticos no le favorecen, pero para colmo de males, su propia dirigencia no lo ayuda. La semana pasada, mientras Silvano recorr\u00eda algunas ciudades y se reun\u00eda con opinadores y analistas, Jes\u00fas Zambrano acudi\u00f3 al Senado de la Rep\u00fablica y con el pretexto de la defensa del INE, solt\u00f3 oferta a favor de Ricardo Monreal (coordinador de los senadores de Morena), como su proyecto presidencial.<\/p>\n<p>Entonces para qu\u00e9 tanto desgaste de Silvano, su intenci\u00f3n de recorrer el pa\u00eds, de convencer a los descre\u00eddos de que el PRD sigue siendo una buena opci\u00f3n, si el dirigente nacional del partido, anda por otros rumbos a la pepena de candidatos.<\/p>\n<p style=\"text-align: center;\"><strong>*****<\/strong><\/p>\n<p>Espa\u00f1a se convirti\u00f3 en el pa\u00eds de residencia de los ex Presidentes de M\u00e9xico. Primero fue\u00a0Enrique Pe\u00f1a Nieto el que sent\u00f3 su domicilio en esa naci\u00f3n europea, le sigui\u00f3 Carlos Salinas de Gortari y ahora lo hace Felipe Calder\u00f3n, solamente falta que lo hagan Vicente Fox Quesada ( quien tiene la nacionalidad asegurada) y Ernesto Zedillo, para realizar un c\u00f3nclave de ex mandatarios mexicanos\u2026 La muerte de Miguel Barbosa, gobernador en funciones de Puebla, muestra lo miserables que pueden ser muchos pol\u00edticos y la rebatinga que se sucede por ocupar el cargo de sustituto, cuando se venza el plazo en que la secretaria de Gobierno, Ana Luc\u00eda Hill, actuar\u00e1 como interina. Hill es sonorense de nacimiento y con poco tiempo en Puebla, por lo que carece de los hilos pol\u00edticos que le permitan continuar en el cargo, algo que ser\u00eda bueno por los tiempos pol\u00edticos complicados que vive esa entidad.<\/p>\n<p><a href=\"mailto:ramonzurita44@hotmail.com\" target=\"_blank\" rel=\"noopener noreferrer\"><em>ramonzurita44@hotmail.com<\/em><\/a><\/p>\n","protected":false},"excerpt":{"rendered":"<p><span style=\"color: #005497;\"><strong>Ram\u00f3n Zurita Sahag\u00fan<\/strong><\/span><\/p>\n","protected":false},"author":3,"featured_media":0,"comment_status":"open","ping_status":"open","sticky":false,"template":"","format":"standard","meta":{"_monsterinsights_skip_tracking":false,"_monsterinsights_sitenote_active":false,"_monsterinsights_sitenote_note":"","_monsterinsights_sitenote_category":0,"footnotes":""},"categories":[234],"tags":[304,43674,43687],"class_list":["post-569147","post","type-post","status-publish","format-standard","hentry","category-ramon-zurita-sahagun","tag-de-frente-y-de-perfil","tag-opinion","tag-ramon-zurita-sahagun"],"_links":{"self":[{"href":"https:\/\/www.diarioimagen.net\/index.php?rest_route=\/wp\/v2\/posts\/569147","targetHints":{"allow":["GET"]}}],"collection":[{"href":"https:\/\/www.diarioimagen.net\/index.php?rest_route=\/wp\/v2\/posts"}],"about":[{"href":"https:\/\/www.diarioimagen.net\/index.php?rest_route=\/wp\/v2\/types\/post"}],"author":[{"embeddable":true,"href":"https:\/\/www.diarioimagen.net\/index.php?rest_route=\/wp\/v2\/users\/3"}],"replies":[{"embeddable":true,"href":"https:\/\/www.diarioimagen.net\/index.php?rest_route=%2Fwp%2Fv2%2Fcomments&post=569147"}],"version-history":[{"count":0,"href":"https:\/\/www.diarioimagen.net\/index.php?rest_route=\/wp\/v2\/posts\/569147\/revisions"}],"wp:attachment":[{"href":"https:\/\/www.diarioimagen.net\/index.php?rest_route=%2Fwp%2Fv2%2Fmedia&parent=569147"}],"wp:term":[{"taxonomy":"category","embeddable":true,"href":"https:\/\/www.diarioimagen.net\/index.php?rest_route=%2Fwp%2Fv2%2Fcategories&post=569147"},{"taxonomy":"post_tag","embeddable":true,"href":"https:\/\/www.diarioimagen.net\/index.php?rest_route=%2Fwp%2Fv2%2Ftags&post=569147"}],"curies":[{"name":"wp","href":"https:\/\/api.w.org\/{rel}","templated":true}]}}