{"id":569213,"date":"2022-12-16T00:06:50","date_gmt":"2022-12-16T06:06:50","guid":{"rendered":"https:\/\/www.diarioimagen.net\/?p=569213"},"modified":"2022-12-18T23:00:11","modified_gmt":"2022-12-19T05:00:11","slug":"anuncia-cebd-edificacion-del-centro-de-innovacion-y-diseno-y-laboratorio-de-realidad-virtual-y-edicion-digital","status":"publish","type":"post","link":"https:\/\/www.diarioimagen.net\/?p=569213","title":{"rendered":"Anuncia CEBD edificaci\u00f3n del Centro de Innovaci\u00f3n y Dise\u00f1o y Laboratorio de Realidad Virtual y Edici\u00f3n Digital"},"content":{"rendered":"<p>&nbsp;<\/p>\n<ul>\n<li><strong><em>El rector de la UAEM\u00e9x, Carlos Eduardo Barrera D\u00edaz, dijo que estas obras se realizar\u00e1n con una inversi\u00f3n compartida con COMECyT<\/em><\/strong><\/li>\n<\/ul>\n<p><strong>\u00a0<\/strong><\/p>\n<div id=\"attachment_569303\" style=\"width: 470px\" class=\"wp-caption aligncenter\"><a href=\"https:\/\/www.diarioimagen.net\/?attachment_id=569303\" rel=\"attachment wp-att-569303\"><img loading=\"lazy\" decoding=\"async\" aria-describedby=\"caption-attachment-569303\" class=\"size-full wp-image-569303\" src=\"https:\/\/www.diarioimagen.net\/wp-content\/uploads\/2022\/12\/uaem-anuncia-cebd.jpg\" alt=\"\" width=\"460\" height=\"270\" \/><\/a><p id=\"caption-attachment-569303\" class=\"wp-caption-text\">El rector Barrera D\u00edaz encabez\u00f3 el primer informe anual de actividades del director de la Facultad de Arquitectura y Dise\u00f1o, Xavier Gayt\u00e1n Zepeda.<\/p><\/div>\n<p>&nbsp;<\/p>\n<p><strong>Toluca, Estado de M\u00e9xico.\u2014<\/strong> Con el objetivo de tener un espacio que permita el dise\u00f1o, construcci\u00f3n y equipamiento de un proyecto tecnol\u00f3gico, un \u00e1rea de impresi\u00f3n 3D, edici\u00f3n digital, especializaci\u00f3n de escenarios inmersivos para los rubros de docencia, investigaci\u00f3n y desarrollo de prototipos, la Universidad Aut\u00f3noma del Estado de M\u00e9xico (UAEM\u00e9x) y el Consejo Mexiquense de Ciencia y Tecnolog\u00eda (COMECyT) \u2014a trav\u00e9s de una inversi\u00f3n compartida\u2014 edificar\u00e1n el Centro de Innovaci\u00f3n y Dise\u00f1o y el Laboratorio de Realidad Virtual y Edici\u00f3n Digital, con sede en la Facultad de Arquitectura y Dise\u00f1o, anunci\u00f3 el rector Carlos Eduardo Barrera D\u00edaz.<\/p>\n<p>En el marco del primer informe anual de actividades del director de la Facultad de Arquitectura y Dise\u00f1o, Xavier Gayt\u00e1n Zepeda, el rector de la UAEM\u00e9x reconoci\u00f3 la creatividad e innovaci\u00f3n de los integrantes de este organismo acad\u00e9mico, por lo que el pr\u00f3ximo Centro de Innovaci\u00f3n y Dise\u00f1o, asegur\u00f3, ser\u00e1 una oportunidad para mejorar la formaci\u00f3n acad\u00e9mica de sus integrantes.<\/p>\n<p>\u201cQuiero comentarles que el monto total de la inversi\u00f3n que vamos a estar haciendo es de m\u00e1s de 10 millones, ocho van a estar aportados por COMECyT y dos lo vamos aportar como Universidad\u201d, detall\u00f3.<\/p>\n<p>Previo a la rendici\u00f3n del informe, Barrera D\u00edaz, en compa\u00f1\u00eda de la secretaria de Planeaci\u00f3n y Desarrollo Institucional, Esther Aurora Contreras Lara Vega, y derivado del esfuerzo financiero y administrativo, entreg\u00f3 la renovaci\u00f3n de equipos de c\u00f3mputo que consisti\u00f3 en\u00a0 30 computadoras tipo Mac de \u00faltima generaci\u00f3n.<\/p>\n<p>Asimismo, el rector de la UAEM\u00e9x reconoci\u00f3 la calidad educativa que se imparte en el organismo acad\u00e9mico, al contar con el 59 por ciento de su claustro de profesores que forman parte del Sistema Nacional de Investigadores (SNI) del Consejo Nacional de Ciencia y Tecnolog\u00eda (CONACyT).<\/p>\n<p>Agreg\u00f3 que la Facultad de Arquitectura y Dise\u00f1o es ejemplo de la capacidad de innovaci\u00f3n educativa, al ofrecer opciones actualizadas para que los estudiantes se titulen y que cubren las necesidades del mercado laboral como la posibilidad de cursar los diplomados en Fotograf\u00eda Superior, Fotograf\u00eda Profesional o Historia del Arte.<\/p>\n<p>En su oportunidad, Xavier Gayt\u00e1n Zepeda destac\u00f3 que durante su primer a\u00f1o de administraci\u00f3n al frente de este espacio acad\u00e9mico, 301 docentes fueron capacitados en alguno de los 95 cursos ofertados por la Direcci\u00f3n de Desarrollo del Personal Acad\u00e9mico (DIDEPA).<\/p>\n<p>Indic\u00f3 que la Facultad cuenta con 11 proyectos de investigaci\u00f3n registrados ante la Secretar\u00eda de Investigaci\u00f3n y Estudios Avanzados, de los cuales, cinco est\u00e1n concluidos, tres est\u00e1n vigentes y tres son de nueva creaci\u00f3n, los cuales abordan tem\u00e1ticas de sostenibilidad, violencia de g\u00e9nero, efectos de la pandemia, entre otros.<\/p>\n<p>Tambi\u00e9n hizo un recuento de las participaciones destacadas de estudiantes, docentes e investigadores en diversos concursos y cert\u00e1menes a nivel nacional e internacional, colocando a la UAEM\u00e9x en los primeros lugares de estos, como el caso del universitario Brandon Alexis Hern\u00e1ndez Guadarrama, de la Licenciatura en Arquitectura, quien obtuvo el primer lugar en la categor\u00eda \u201cMejor proyecto en Soluci\u00f3n Integral\u201d en el Encuentro Nacional de Estudiantes de Arquitectura (ENEA), entre otros.<\/p>\n<p>En el rubro de fomento al autocuidado se brindaron 98 atenciones m\u00e9dicas y dos mil 146 psicol\u00f3gicas y en cuanto al programa de tutor\u00edas fueron atendidos 502 alumnos.<\/p>\n<p>Tras el informe, el rector y el director del organismo acad\u00e9mico cortaron el list\u00f3n del Proyecto \u201cTransmutaci\u00f3n\u201d, en la cancha multifuncional de la Facultad, y develaron las placas de alumnos benefactores durante el 2022, que son la Generaci\u00f3n \u201c30 Arquitectura proyecto 98\u201d; el Instituto Universitario del Estado de M\u00e9xico (IUEM), a trav\u00e9s de Ismael Valencia Pulido, de la empresa Litho Kolor Impresores, The Search Man Ilustraci\u00f3n (Sergio C\u00e1rdenas Valdez) y del Tribunal Electoral del Estado de M\u00e9xico (TEEM).<\/p>\n<p>Al acto de rendici\u00f3n de cuentas acudieron integrantes del gabinete universitario, ex directores de la Facultad y comunidad en general de este espacio acad\u00e9mico.<\/p>\n<p>Por separado, el rector, en compa\u00f1\u00eda de la secretaria de Administraci\u00f3n de la UAEM\u00e9x, Er\u00e9ndira Fierro Moreno, acudi\u00f3 a la Facultad de Artes para hacer entrega de 30 computadoras espec\u00edficas para \u00e9l \u00e1rea de conocimiento de los estudiantes de este espacio acad\u00e9mico como parte del Programa de Renovaci\u00f3n de Equipo de C\u00f3mputo.<\/p>\n<p>Fierro Moreno explic\u00f3 que la renovaci\u00f3n de equipo fue posible gracias a ciertas econom\u00edas que ha tenido la actual administraci\u00f3n durante el presente a\u00f1o.<\/p>\n","protected":false},"excerpt":{"rendered":"<p>Con el objetivo de tener un espacio que permita el dise\u00f1o, construcci\u00f3n y equipamiento de un proyecto tecnol\u00f3gico, un \u00e1rea de impresi\u00f3n 3D, edici\u00f3n digital, especializaci\u00f3n de escenarios inmersivos para los rubros de docencia, investigaci\u00f3n y desarrollo de prototipos, la Universidad Aut\u00f3noma del Estado de M\u00e9xico (UAEM\u00e9x) y el Consejo Mexiquense de Ciencia y Tecnolog\u00eda (COMECyT) \u2014a trav\u00e9s de una inversi\u00f3n compartida\u2014 edificar\u00e1n el Centro de Innovaci\u00f3n y Dise\u00f1o y el Laboratorio de Realidad Virtual y Edici\u00f3n Digital, con sede en la Facultad de Arquitectura y Dise\u00f1o, anunci\u00f3 el rector Carlos Eduardo Barrera D\u00edaz.<\/p>\n","protected":false},"author":3,"featured_media":569303,"comment_status":"open","ping_status":"open","sticky":false,"template":"","format":"standard","meta":{"_monsterinsights_skip_tracking":false,"_monsterinsights_sitenote_active":false,"_monsterinsights_sitenote_note":"","_monsterinsights_sitenote_category":0,"footnotes":""},"categories":[5],"tags":[94121,772,452],"class_list":["post-569213","post","type-post","status-publish","format-standard","has-post-thumbnail","hentry","category-estado-de-mexico","tag-cebd","tag-comecyt","tag-toluca"],"_links":{"self":[{"href":"https:\/\/www.diarioimagen.net\/index.php?rest_route=\/wp\/v2\/posts\/569213","targetHints":{"allow":["GET"]}}],"collection":[{"href":"https:\/\/www.diarioimagen.net\/index.php?rest_route=\/wp\/v2\/posts"}],"about":[{"href":"https:\/\/www.diarioimagen.net\/index.php?rest_route=\/wp\/v2\/types\/post"}],"author":[{"embeddable":true,"href":"https:\/\/www.diarioimagen.net\/index.php?rest_route=\/wp\/v2\/users\/3"}],"replies":[{"embeddable":true,"href":"https:\/\/www.diarioimagen.net\/index.php?rest_route=%2Fwp%2Fv2%2Fcomments&post=569213"}],"version-history":[{"count":0,"href":"https:\/\/www.diarioimagen.net\/index.php?rest_route=\/wp\/v2\/posts\/569213\/revisions"}],"wp:featuredmedia":[{"embeddable":true,"href":"https:\/\/www.diarioimagen.net\/index.php?rest_route=\/wp\/v2\/media\/569303"}],"wp:attachment":[{"href":"https:\/\/www.diarioimagen.net\/index.php?rest_route=%2Fwp%2Fv2%2Fmedia&parent=569213"}],"wp:term":[{"taxonomy":"category","embeddable":true,"href":"https:\/\/www.diarioimagen.net\/index.php?rest_route=%2Fwp%2Fv2%2Fcategories&post=569213"},{"taxonomy":"post_tag","embeddable":true,"href":"https:\/\/www.diarioimagen.net\/index.php?rest_route=%2Fwp%2Fv2%2Ftags&post=569213"}],"curies":[{"name":"wp","href":"https:\/\/api.w.org\/{rel}","templated":true}]}}