{"id":569222,"date":"2022-12-16T00:02:08","date_gmt":"2022-12-16T06:02:08","guid":{"rendered":"https:\/\/www.diarioimagen.net\/?p=569222"},"modified":"2022-12-16T03:37:00","modified_gmt":"2022-12-16T09:37:00","slug":"hay-riesgo-de-inflacion-desbocada-por-aumento-al-salario-minimo","status":"publish","type":"post","link":"https:\/\/www.diarioimagen.net\/?p=569222","title":{"rendered":"Hay riesgo de \u201cinflaci\u00f3n desbocada\u201d por aumento al salario m\u00ednimo"},"content":{"rendered":"<p>&nbsp;<\/p>\n<ul>\n<li><em><strong>Alerta el Instituto Mexicano de Contadores P\u00fablicos<\/strong><\/em><\/li>\n<\/ul>\n<p>&nbsp;<\/p>\n<div id=\"attachment_569312\" style=\"width: 470px\" class=\"wp-caption aligncenter\"><a href=\"https:\/\/www.diarioimagen.net\/?attachment_id=569312\" rel=\"attachment wp-att-569312\"><img loading=\"lazy\" decoding=\"async\" aria-describedby=\"caption-attachment-569312\" class=\"size-full wp-image-569312\" src=\"https:\/\/www.diarioimagen.net\/wp-content\/uploads\/2022\/12\/INFLACION-POR-MINISALARIOS.jpg\" alt=\"\" width=\"460\" height=\"270\" \/><\/a><p id=\"caption-attachment-569312\" class=\"wp-caption-text\">M\u00e9xico podr\u00eda entrar en una espiral inflacionaria desbocada por el alza al salario m\u00ednimo a partir del 1 de enero de 2023, advirti\u00f3 el Instituto Mexicano de Contadores P\u00fablicos.<\/p><\/div>\n<p>&nbsp;<\/p>\n<p>Existe el riesgo de que el pa\u00eds entre en una espiral inflacionaria desbocada por el alza al salario m\u00ednimo general de 20 por ciento a partir del 1 de enero de 2023, advirti\u00f3 el Instituto Mexicano de Contadores P\u00fablicos (IMCP).<\/p>\n<p>Ernesto O\u00b4Farrill Santoscoy, presidente de la Comisi\u00f3n de An\u00e1lisis Econ\u00f3mico del IMCP, consider\u00f3 que el aumento al minisalario para el siguiente a\u00f1o es un alza \u201cimportante\u201d, que se suma a la carga de costos patronales, pues desde el a\u00f1o entrante deber\u00e1n aportar m\u00e1s recursos a las cuentas individuales de los trabajadores. Sube mucho el salario m\u00ednimo, un incremento importante en la carga patronal por las mayores aportaciones a partir de 2023 a las cuentas individuales de los trabajadores.<\/p>\n<p>\u201cTodo eso son incrementos de costos que desafortunadamente van a tener que repercutirse en incrementos de precios al consumidor final\u201d, dijo.<\/p>\n<p>\u201cLo peligroso es que esto genera expectativas o presiones en los salarios, estar\u00edamos entrando a una espiral inflacionaria desbocada\u201d, destac\u00f3.<\/p>\n<p>El IMCP abund\u00f3 que la inflaci\u00f3n subyacente, que toma en cuenta los alimentos procesados, ropa, comunicaci\u00f3n, medicamentos, entre otros, no cede y hasta noviembre se ubic\u00f3 en 8.51 por ciento.<\/p>\n<p>H\u00e9ctor Amaya, vicepresidente del IMCP, coment\u00f3 que otros cambios que tambi\u00e9n afectar\u00e1n los costos para las empresas ser\u00e1 el relativo al incremento de d\u00edas de vacaciones.<\/p>\n<p>\u201cA partir de 2023 que habr\u00eda un incremento de las cuotas patronales, tomemos en cuenta tambi\u00e9n el tema de la inflaci\u00f3n incrementada y tenemos que prever lo que ser\u00e1n los precios de los servicios y de los bienes para 2023\u201d, se\u00f1al\u00f3.<\/p>\n<p>Por su parte, Laura Grajeda Trejo, presidenta del organismo, coment\u00f3 que de acuerdo con datos del Servicio de Administraci\u00f3n Tributaria (SAT) al tercer trimestre del a\u00f1o, s\u00f3lo 5 por ciento de los contribuyentes han logrado migrar a la versi\u00f3n 4.0 de los comprobantes fiscales digitales por internet (CFDI), lo cual explica la pr\u00f3rroga dada por el organismo encargado de la tributaci\u00f3n en el pa\u00eds.<\/p>\n","protected":false},"excerpt":{"rendered":"<p>Existe el riesgo de que el pa\u00eds entre en una espiral inflacionaria desbocada por el alza al salario m\u00ednimo general de 20 por ciento a partir del 1 de enero de 2023, advirti\u00f3 el Instituto Mexicano de Contadores P\u00fablicos (IMCP).<\/p>\n","protected":false},"author":3,"featured_media":569312,"comment_status":"open","ping_status":"open","sticky":false,"template":"","format":"standard","meta":{"_monsterinsights_skip_tracking":false,"_monsterinsights_sitenote_active":false,"_monsterinsights_sitenote_note":"","_monsterinsights_sitenote_category":0,"footnotes":""},"categories":[8],"tags":[97038,43678,932,17392,16104],"class_list":["post-569222","post","type-post","status-publish","format-standard","has-post-thumbnail","hentry","category-finanzas","tag-desbocada","tag-finanzas","tag-inflacion","tag-riesgo","tag-salario-minimo"],"_links":{"self":[{"href":"https:\/\/www.diarioimagen.net\/index.php?rest_route=\/wp\/v2\/posts\/569222","targetHints":{"allow":["GET"]}}],"collection":[{"href":"https:\/\/www.diarioimagen.net\/index.php?rest_route=\/wp\/v2\/posts"}],"about":[{"href":"https:\/\/www.diarioimagen.net\/index.php?rest_route=\/wp\/v2\/types\/post"}],"author":[{"embeddable":true,"href":"https:\/\/www.diarioimagen.net\/index.php?rest_route=\/wp\/v2\/users\/3"}],"replies":[{"embeddable":true,"href":"https:\/\/www.diarioimagen.net\/index.php?rest_route=%2Fwp%2Fv2%2Fcomments&post=569222"}],"version-history":[{"count":0,"href":"https:\/\/www.diarioimagen.net\/index.php?rest_route=\/wp\/v2\/posts\/569222\/revisions"}],"wp:featuredmedia":[{"embeddable":true,"href":"https:\/\/www.diarioimagen.net\/index.php?rest_route=\/wp\/v2\/media\/569312"}],"wp:attachment":[{"href":"https:\/\/www.diarioimagen.net\/index.php?rest_route=%2Fwp%2Fv2%2Fmedia&parent=569222"}],"wp:term":[{"taxonomy":"category","embeddable":true,"href":"https:\/\/www.diarioimagen.net\/index.php?rest_route=%2Fwp%2Fv2%2Fcategories&post=569222"},{"taxonomy":"post_tag","embeddable":true,"href":"https:\/\/www.diarioimagen.net\/index.php?rest_route=%2Fwp%2Fv2%2Ftags&post=569222"}],"curies":[{"name":"wp","href":"https:\/\/api.w.org\/{rel}","templated":true}]}}