{"id":569230,"date":"2022-12-16T00:04:06","date_gmt":"2022-12-16T06:04:06","guid":{"rendered":"https:\/\/www.diarioimagen.net\/?p=569230"},"modified":"2022-12-16T03:40:48","modified_gmt":"2022-12-16T09:40:48","slug":"brinda-cuautitlan-izcalli-vialidades-dignas-en-sus-limites-territoriales","status":"publish","type":"post","link":"https:\/\/www.diarioimagen.net\/?p=569230","title":{"rendered":"Brinda Cuautitl\u00e1n Izcalli vialidades dignas en sus l\u00edmites territoriales"},"content":{"rendered":"<p>&nbsp;<\/p>\n<ul>\n<li><em><strong>Se atiende demanda de la ciudadan\u00eda<\/strong><\/em><\/li>\n<\/ul>\n<p>&nbsp;<\/p>\n<div id=\"attachment_569318\" style=\"width: 470px\" class=\"wp-caption aligncenter\"><a href=\"https:\/\/www.diarioimagen.net\/?attachment_id=569318\" rel=\"attachment wp-att-569318\"><img loading=\"lazy\" decoding=\"async\" aria-describedby=\"caption-attachment-569318\" class=\"size-full wp-image-569318\" src=\"https:\/\/www.diarioimagen.net\/wp-content\/uploads\/2022\/12\/brinda-cuautitlan.jpg\" alt=\"\" width=\"460\" height=\"270\" \/><\/a><p id=\"caption-attachment-569318\" class=\"wp-caption-text\">Como parte del programa Transformando a Cuautitl\u00e1n Izcalli, el gobierno de Karla Fiesco brinda vialidades dignas.<\/p><\/div>\n<p>&nbsp;<\/p>\n<p><strong>Cuautitl\u00e1n Izcalli, Estado de M\u00e9xico.\u2014<\/strong> Con el firme compromiso de brindarle a los pueblos de Cuautitl\u00e1n Izcalli vialidades dignas, como parte del programa \u201cTransformando a Cuautitl\u00e1n Izcalli\u201d, se realizan trabajos de repavimentaci\u00f3n en la avenida 16 de septiembre\u201320 de noviembre, desde Avenida 5 de mayo en el pueblo de San Mateo Ixtacalco hasta la Avenida M.G. Mor\u00edn, del pueblo de San Sebasti\u00e1n Xhala.<\/p>\n<p>En dicha avenida se est\u00e1 pavimentando un \u00e1rea de 16 mil 333 metros cuadrados, la cual beneficiar\u00e1 a un aproximado de 15 mil personas.<\/p>\n<p>De esta manera, la presidenta municipal, Karla Fiesco destac\u00f3 que \u201cesta obra tiene un impacto regional y con ello atendemos una demanda de la ciudadan\u00eda y de quienes transitan diariamente por el lugar\u201d.<\/p>\n<p>La obra contempla fresado de carpeta asf\u00e1ltica, bacheo profundo, riego de liga, tendido de carpeta asf\u00e1ltica de 7.5 cm de espesor, riego de sello de cemento, renivelaci\u00f3n de pozos de visita, reductores velocidad y balizado. El gobierno municipal agradece a la ciudadan\u00eda por la paciencia en estos trabajos y se informa que en unas semanas se culminar\u00e1 dicha obra en beneficio de los habitantes. Les recordamos que las molestias son temporales, pero los beneficios son permanentes.<\/p>\n","protected":false},"excerpt":{"rendered":"<p>Con el firme compromiso de brindarle a los pueblos de Cuautitl\u00e1n Izcalli vialidades dignas, como parte del programa \u201cTransformando a Cuautitl\u00e1n Izcalli\u201d, se realizan trabajos de repavimentaci\u00f3n en la avenida 16 de septiembre\u201320 de noviembre, desde Avenida 5 de mayo en el pueblo de San Mateo Ixtacalco hasta la Avenida M.G. Mor\u00edn, del pueblo de San Sebasti\u00e1n Xhala.<\/p>\n","protected":false},"author":3,"featured_media":569318,"comment_status":"open","ping_status":"open","sticky":false,"template":"","format":"standard","meta":{"_monsterinsights_skip_tracking":false,"_monsterinsights_sitenote_active":false,"_monsterinsights_sitenote_note":"","_monsterinsights_sitenote_category":0,"footnotes":""},"categories":[5],"tags":[971,43675,92915],"class_list":["post-569230","post","type-post","status-publish","format-standard","has-post-thumbnail","hentry","category-estado-de-mexico","tag-cuautitlan-izcalli","tag-estado-de-mexico","tag-karla-fiesco"],"_links":{"self":[{"href":"https:\/\/www.diarioimagen.net\/index.php?rest_route=\/wp\/v2\/posts\/569230","targetHints":{"allow":["GET"]}}],"collection":[{"href":"https:\/\/www.diarioimagen.net\/index.php?rest_route=\/wp\/v2\/posts"}],"about":[{"href":"https:\/\/www.diarioimagen.net\/index.php?rest_route=\/wp\/v2\/types\/post"}],"author":[{"embeddable":true,"href":"https:\/\/www.diarioimagen.net\/index.php?rest_route=\/wp\/v2\/users\/3"}],"replies":[{"embeddable":true,"href":"https:\/\/www.diarioimagen.net\/index.php?rest_route=%2Fwp%2Fv2%2Fcomments&post=569230"}],"version-history":[{"count":0,"href":"https:\/\/www.diarioimagen.net\/index.php?rest_route=\/wp\/v2\/posts\/569230\/revisions"}],"wp:featuredmedia":[{"embeddable":true,"href":"https:\/\/www.diarioimagen.net\/index.php?rest_route=\/wp\/v2\/media\/569318"}],"wp:attachment":[{"href":"https:\/\/www.diarioimagen.net\/index.php?rest_route=%2Fwp%2Fv2%2Fmedia&parent=569230"}],"wp:term":[{"taxonomy":"category","embeddable":true,"href":"https:\/\/www.diarioimagen.net\/index.php?rest_route=%2Fwp%2Fv2%2Fcategories&post=569230"},{"taxonomy":"post_tag","embeddable":true,"href":"https:\/\/www.diarioimagen.net\/index.php?rest_route=%2Fwp%2Fv2%2Ftags&post=569230"}],"curies":[{"name":"wp","href":"https:\/\/api.w.org\/{rel}","templated":true}]}}