{"id":569234,"date":"2022-12-16T00:02:26","date_gmt":"2022-12-16T06:02:26","guid":{"rendered":"https:\/\/www.diarioimagen.net\/?p=569234"},"modified":"2022-12-16T03:41:42","modified_gmt":"2022-12-16T09:41:42","slug":"autorizan-al-lider-panista-anuar-azar-a-suscribir-convenio-de-coalicion-con-partidos","status":"publish","type":"post","link":"https:\/\/www.diarioimagen.net\/?p=569234","title":{"rendered":"Autorizan al l\u00edder panista Anuar Azar a suscribir convenio de coalici\u00f3n con partidos"},"content":{"rendered":"<p>&nbsp;<\/p>\n<p><a href=\"https:\/\/www.diarioimagen.net\/?attachment_id=569322\" rel=\"attachment wp-att-569322\"><img loading=\"lazy\" decoding=\"async\" class=\"aligncenter size-full wp-image-569322\" src=\"https:\/\/www.diarioimagen.net\/wp-content\/uploads\/2022\/12\/autorizan-a-lider.jpg\" alt=\"\" width=\"460\" height=\"270\" \/><\/a><\/p>\n<p>&nbsp;<\/p>\n<p><strong>Naucalpan, Estado de M\u00e9xico.\u2014 <\/strong>La Comisi\u00f3n Permanente del Partido Acci\u00f3n Nacional en el Estado de M\u00e9xico autoriz\u00f3 a su presidente, Anuar Azar Figueroa, a suscribir convenio de coalici\u00f3n o candidatura com\u00fan con otros institutos pol\u00edticos, con excepci\u00f3n de Morena, para el proceso electoral 2023 de la entidad, al sesionar la Comisi\u00f3n Permanente voto por unanimidad el acuerdo.<\/p>\n<p>Dicha resoluci\u00f3n fue avalada por panistas mexiquenses que aseguraron que el de Acci\u00f3n Nacional, es y ser\u00e1 un partido abierto y siempre en favor de las y los mexiquenses.<\/p>\n<p>&nbsp;<\/p>\n","protected":false},"excerpt":{"rendered":"<p>La Comisi\u00f3n Permanente del Partido Acci\u00f3n Nacional en el Estado de M\u00e9xico autoriz\u00f3 a su presidente, Anuar Azar Figueroa, a suscribir convenio de coalici\u00f3n o candidatura com\u00fan con otros institutos pol\u00edticos, con excepci\u00f3n de Morena, para el proceso electoral 2023 de la entidad, al sesionar la Comisi\u00f3n Permanente voto por unanimidad el acuerdo.<\/p>\n","protected":false},"author":3,"featured_media":569322,"comment_status":"open","ping_status":"open","sticky":false,"template":"","format":"standard","meta":{"_monsterinsights_skip_tracking":false,"_monsterinsights_sitenote_active":false,"_monsterinsights_sitenote_note":"","_monsterinsights_sitenote_category":0,"footnotes":""},"categories":[5],"tags":[93709,43675,970],"class_list":["post-569234","post","type-post","status-publish","format-standard","has-post-thumbnail","hentry","category-estado-de-mexico","tag-anuar-azar-figueroa","tag-estado-de-mexico","tag-naucalpan"],"_links":{"self":[{"href":"https:\/\/www.diarioimagen.net\/index.php?rest_route=\/wp\/v2\/posts\/569234","targetHints":{"allow":["GET"]}}],"collection":[{"href":"https:\/\/www.diarioimagen.net\/index.php?rest_route=\/wp\/v2\/posts"}],"about":[{"href":"https:\/\/www.diarioimagen.net\/index.php?rest_route=\/wp\/v2\/types\/post"}],"author":[{"embeddable":true,"href":"https:\/\/www.diarioimagen.net\/index.php?rest_route=\/wp\/v2\/users\/3"}],"replies":[{"embeddable":true,"href":"https:\/\/www.diarioimagen.net\/index.php?rest_route=%2Fwp%2Fv2%2Fcomments&post=569234"}],"version-history":[{"count":0,"href":"https:\/\/www.diarioimagen.net\/index.php?rest_route=\/wp\/v2\/posts\/569234\/revisions"}],"wp:featuredmedia":[{"embeddable":true,"href":"https:\/\/www.diarioimagen.net\/index.php?rest_route=\/wp\/v2\/media\/569322"}],"wp:attachment":[{"href":"https:\/\/www.diarioimagen.net\/index.php?rest_route=%2Fwp%2Fv2%2Fmedia&parent=569234"}],"wp:term":[{"taxonomy":"category","embeddable":true,"href":"https:\/\/www.diarioimagen.net\/index.php?rest_route=%2Fwp%2Fv2%2Fcategories&post=569234"},{"taxonomy":"post_tag","embeddable":true,"href":"https:\/\/www.diarioimagen.net\/index.php?rest_route=%2Fwp%2Fv2%2Ftags&post=569234"}],"curies":[{"name":"wp","href":"https:\/\/api.w.org\/{rel}","templated":true}]}}