{"id":569271,"date":"2022-12-16T00:01:05","date_gmt":"2022-12-16T06:01:05","guid":{"rendered":"https:\/\/www.diarioimagen.net\/?p=569271"},"modified":"2022-12-16T02:03:31","modified_gmt":"2022-12-16T08:03:31","slug":"golpes-y-autogolpes-de-estado-i","status":"publish","type":"post","link":"https:\/\/www.diarioimagen.net\/?p=569271","title":{"rendered":"Golpes y autogolpes de Estado \u2022 I"},"content":{"rendered":"<h2>De pe a pa<\/h2>\n<h5>Alberto Vieyra G.<\/h5>\n<p style=\"text-align: right;\"><em><strong>[<\/strong> <\/em><strong><em>Primera de dos partes ]<\/em><br \/>\n<\/strong><\/p>\n<p><strong>\u00a0<\/strong><\/p>\n<p>La historia registra que en el a\u00f1o 561 a.C., Pis\u00edstrato se convertir\u00eda en el primer tirano de Atenas, en la antigua Grecia lo que se conoce como el primer golpe de Estado en el planeta tierra.<\/p>\n<p>En el a\u00f1o 82 a.C., Lucio Cornelio Sila, uno de los m\u00e1s notables pol\u00edticos y militares romanos de la era tardorrepublicana y perteneciente al bando de los optimates, tambi\u00e9n pasar\u00eda a la historia como otro golpista de Estado y a vuelo de p\u00e1jaro le echar\u00e9 un vistazo a la era de los golpes y autogolpes de Estado, de los que no ha escapado la patria mexicana.<\/p>\n<p>El a\u00f1o 69 de nuestra era com\u00fan, Galba Ot\u00f3n Vitelio Vespasiano, tras el gobierno de cuatro emperadores en un mismo a\u00f1o, Tito Flavio Vespasiano, se hace finalmente con el poder en el imperio romano.<\/p>\n<p>En el a\u00f1o 1797, el ej\u00e9rcito franc\u00e9s y el Directorio que conformaba el sistema pol\u00edtico franc\u00e9s disolver\u00eda el Consejo de los Quinientos y Consejo de Ancianos, es decir un golpe de Estado contra los moderados y mon\u00e1rquicos. Este golpe de Estado har\u00eda que solamente los chicharrones del Ejecutivo, es decir del gobierno, tronaran sobre el poder Legislativo.<\/p>\n<p>Para 1799, Napole\u00f3n Bonaparte Ramolino se convertir\u00eda tambi\u00e9n en otro de los tiranos desapareciendo al famoso Directorio que hab\u00eda dado el anterior golpe de Estado en Francia.<\/p>\n<p>En Am\u00e9rica Latina, Jos\u00e9 Miguel Carrera pasa a la historia como el l\u00edder golpista del continente con 3 golpes de Estado en 1811 y el \u00faltimo en 1814 en Chile. El mal ejemplo de Jos\u00e9 Miguel cundir\u00eda por Centroam\u00e9rica, Per\u00fa y sin faltar M\u00e9xico, donde en 1829 se producir\u00eda el primer golpe de Estado dado por Vicente Guerrero Salda\u00f1a, el consumador de la independencia tras desconocer al gobierno de Manuel G\u00f3mez Pedraza, quien llego al poder por la v\u00eda de un fraude electoral.<\/p>\n<p>En 1857, Ignacio Comonfort de los R\u00edos, un endeble militar que ten\u00eda nexos con liberales y conservadores pues as\u00ed conform\u00f3 parte de su gobierno interino y su r\u00e9gimen constitucional de tan s\u00f3lo 20 d\u00edas del 1 de diciembre al 21 de diciembre de 1858. Comonfort no quer\u00eda quedar mal ni con Dios ni con el diablo, es decir ni con los conservadores y menos con los liberales. As\u00ed que optar\u00eda por un autogolpe de Estado desconociendo la reci\u00e9n promulgada Constituci\u00f3n de 1857.<\/p>\n<p>El autogolpe de Estado de Comonfort en contra de la Constituci\u00f3n 1857 dar\u00eda lugar a la llamada Guerra de Reforma o Guerra de los 3 a\u00f1os entre liberales y conservadores, particularmente auspiciada por la Iglesia cat\u00f3lica que hab\u00eda perdido sus privilegios y que marcaba la separaci\u00f3n Iglesia-Estado.<\/p>\n<p>La convulsi\u00f3n pol\u00edtica en aquellos aciagos a\u00f1os har\u00eda que M\u00e9xico tuviese por primera vez hasta 3 Presidentes de la Rep\u00fablica: Benito Ju\u00e1rez, Ignacio Comonfort de los R\u00edos, quien intentar\u00eda retomar el poder, y Miguel Miram\u00f3n y Tarelo, quien hasta hoy resulta ser, a sus 29 a\u00f1os de edad, el Presidente m\u00e1s joven que ha tenido la Rep\u00fablica, aunque haya sido de facto.<\/p>\n<p>\u00bfEn qu\u00e9 a\u00f1o M\u00e9xico volvi\u00f3 a tener hasta 3 presidentes de la Rep\u00fablica?\u00a0 Lo que demuestra que M\u00e9xico funciona con Presidente, sin Presidente de la Rep\u00fablica y a pesar de los Presidentes de la Rep\u00fablica<\/p>\n<p>Aqu\u00ed se lo dir\u00e9 en la pr\u00f3xima entrega.<\/p>\n<p style=\"text-align: right;\"><em>( Continuar\u00e1 )<\/em><\/p>\n<p><em><a href=\"mailto:info@agenciamn.com\" target=\"_blank\" rel=\"noopener noreferrer\">info@agenciamn.com<\/a><\/em><\/p>\n","protected":false},"excerpt":{"rendered":"<p><span style=\"color: #005497;\"><strong>Alberto Vieyra G.<\/strong><\/span><\/p>\n","protected":false},"author":3,"featured_media":0,"comment_status":"open","ping_status":"open","sticky":false,"template":"","format":"standard","meta":{"_monsterinsights_skip_tracking":false,"_monsterinsights_sitenote_active":false,"_monsterinsights_sitenote_note":"","_monsterinsights_sitenote_category":0,"footnotes":""},"categories":[4596],"tags":[43697,4597,43674],"class_list":["post-569271","post","type-post","status-publish","format-standard","hentry","category-alberto-vieyra-g","tag-alberto-vieyra-g","tag-de-pe-a-pa","tag-opinion"],"_links":{"self":[{"href":"https:\/\/www.diarioimagen.net\/index.php?rest_route=\/wp\/v2\/posts\/569271","targetHints":{"allow":["GET"]}}],"collection":[{"href":"https:\/\/www.diarioimagen.net\/index.php?rest_route=\/wp\/v2\/posts"}],"about":[{"href":"https:\/\/www.diarioimagen.net\/index.php?rest_route=\/wp\/v2\/types\/post"}],"author":[{"embeddable":true,"href":"https:\/\/www.diarioimagen.net\/index.php?rest_route=\/wp\/v2\/users\/3"}],"replies":[{"embeddable":true,"href":"https:\/\/www.diarioimagen.net\/index.php?rest_route=%2Fwp%2Fv2%2Fcomments&post=569271"}],"version-history":[{"count":0,"href":"https:\/\/www.diarioimagen.net\/index.php?rest_route=\/wp\/v2\/posts\/569271\/revisions"}],"wp:attachment":[{"href":"https:\/\/www.diarioimagen.net\/index.php?rest_route=%2Fwp%2Fv2%2Fmedia&parent=569271"}],"wp:term":[{"taxonomy":"category","embeddable":true,"href":"https:\/\/www.diarioimagen.net\/index.php?rest_route=%2Fwp%2Fv2%2Fcategories&post=569271"},{"taxonomy":"post_tag","embeddable":true,"href":"https:\/\/www.diarioimagen.net\/index.php?rest_route=%2Fwp%2Fv2%2Ftags&post=569271"}],"curies":[{"name":"wp","href":"https:\/\/api.w.org\/{rel}","templated":true}]}}