{"id":569275,"date":"2022-12-16T00:05:34","date_gmt":"2022-12-16T06:05:34","guid":{"rendered":"https:\/\/www.diarioimagen.net\/?p=569275"},"modified":"2022-12-16T02:06:23","modified_gmt":"2022-12-16T08:06:23","slug":"la-criminalidad-a-la-baja","status":"publish","type":"post","link":"https:\/\/www.diarioimagen.net\/?p=569275","title":{"rendered":"\u201cLa criminalidad, a la baja\u201d"},"content":{"rendered":"<h2>Perfil de M\u00e9xico<\/h2>\n<h5>Armando R\u00edos Ruiz<\/h5>\n<p>&nbsp;<\/p>\n<p>Cada vez que puede o que se lo piden, la secretaria de Protecci\u00f3n Ciudadana, la periodista Rosa Icela Rodr\u00edguez, convertida de la noche a la ma\u00f1ana en \u201cexperta\u201d en seguridad, como todo el gabinete de la actual administraci\u00f3n, en donde hasta un payaso o un ignorante jugador de futbol pueden ser gobernadores por el s\u00f3lo hecho de gozar de las preferencias del Presidente, dice que durante su administraci\u00f3n, la delincuencia ha disminuido visiblemente.<\/p>\n<p>Tanto lo ha repetido, que a estas alturas M\u00e9xico deber\u00eda ser Jauja o El Pa\u00eds de las Maravillas. Cuando est\u00e1 frente al micr\u00f3fono en actos oficiales o simplemente en una ma\u00f1anera, dice sin decirlo que su presencia en esa dependencia ha tra\u00eddo la tranquilidad de los mexicanos en materia de seguridad, porque los \u00edndices delincuenciales son cada vez menores. Tal vez su jefe le aconseja. Al fin y al cabo, mentir es el sello de la moderna forma de gobernar.<\/p>\n<p>Pero los hechos en todos los rincones de M\u00e9xico la desmienten cada d\u00eda. Igual a su patr\u00f3n, quien suele secundar esas aseveraciones. Porque, sin recurrir a las estad\u00edsticas, es notorio que los asesinatos se cometen al mayoreo. S\u00f3lo quien por su voluntad quiera cerrar los ojos y creerle, lo hace. Los hechos est\u00e1n a la vuelta de la esquina en casi todo el territorio nacional. La realidad es que los mexicanos est\u00e1n absolutamente a merced de los criminales.<\/p>\n<p>Hace unos d\u00edas, un medio public\u00f3 lo siguiente: \u201cEl s\u00e1bado por la tarde,\u00a0hombres armados mataron a siete personas\u00a0-entre ellas\u00a0un menor de 11 a\u00f1os\u2013 en la\u00a0comunidad de El Durazno, en el municipio de\u00a0Coyuca de Catal\u00e1n (Guerrero). A las siete personas las juntaron desde sus\u00a0casas\u00a0y las llevaron a una\u00a0escuela primaria,\u00a0mataron a las siete\u00a0y un joven qued\u00f3 herido de gravedad\u201d.\u00a0\u00a0 Durante m\u00e1s de 12 horas y a pesar de haberse difundido videos de la ejecuci\u00f3n, ninguna, absolutamente ninguna autoridad hab\u00eda acudido al lugar de los hechos. \u00bfLa gobernadora? Seguramente inaugurando alg\u00fan taller de costura, que es para lo \u00fanico que ha servido: \u00a1para inaugurar!<\/p>\n<p>La comisaria municipal de El Durazno, Azucena Rosas Garc\u00eda, se encarg\u00f3 de avisar de los hechos a las autoridades, inmediatamente que ocurrieron. Esto refleja lo que se ha observado desde hace cuatro a\u00f1os: que los criminales tienen preferencia frente a la ciudadan\u00eda amenazada y desde luego, llena de p\u00e1nico ante las embestidas de quienes no se tientan el coraz\u00f3n para asesinar a sangre fr\u00eda a personas inermes, incluidas las que por su edad son indudablemente inocentes.<\/p>\n<p>Un medio local hizo la siguiente observaci\u00f3n: \u201cEl ataque entra\u00f1a una paradoja que ilustra la dificultad de entender las din\u00e1micas de la violencia en el Estado y el pa\u00eds entero. En Guerrero, la cuenta anual de asesinatos va a la baja desde hace a\u00f1os, inercia que parece continuar este 2022.<\/p>\n<p>\u201cHasta finales de octubre, el estado registr\u00f3 964 v\u00edctimas de asesinato, seg\u00fan el Secretariado Ejecutivo del Sistema Nacional de Seguridad P\u00fablica. El a\u00f1o pasado fueron en total 1,166 masacres como la de El Durazno, apuntan, sin embargo, inercias contrarias, m\u00e1s teniendo en cuenta episodios cercanos\u201d. La reflexi\u00f3n dice que el gobierno miente cuando insiste en la disminuci\u00f3n del crimen.<\/p>\n<p>Otro hecho significativo es que un poblado de la Costa Grande denominado Santa Rosa, fue escenario despu\u00e9s\u00a0 de otro nutrido tiroteo realizado por los mismos que estuvieron en El Durazno. El rumbo se llen\u00f3 de miedo. Sin embargo, ninguna autoridad intervino o anunci\u00f3 la b\u00fasqueda de los responsables.<\/p>\n<p>M\u00e1s bien las bandas de esa regi\u00f3n fueron las que advirtieron a los pobladores de una porci\u00f3n grande del lugar, que se resguardaran en sus casas despu\u00e9s de las ocho de la noche. A\u00fan hay toque de queda y lo anunciaron para evitar p\u00e9rdidas de vidas inocentes, que por lo visto, al gobierno local, como al federal, les importan menos que a los malosos. Les dijeron adem\u00e1s, que cerraran por un tiempo todos los comercios.<\/p>\n<p>Parece que la intenci\u00f3n es de La Familia Michoacana, que pretende conquistar territorios enemigos. \u00bfLos hechos vividos, a qui\u00e9n le importan?<\/p>\n<p><a href=\"mailto:ariosruiz@gmail.com\" target=\"_blank\" rel=\"noopener noreferrer\"><em>ariosruiz@gmail.com<\/em><\/a><\/p>\n","protected":false},"excerpt":{"rendered":"<p><span style=\"color: #005497;\"><strong>Armando R\u00edos Ruiz<\/strong><\/span><\/p>\n","protected":false},"author":3,"featured_media":0,"comment_status":"open","ping_status":"open","sticky":false,"template":"","format":"standard","meta":{"_monsterinsights_skip_tracking":false,"_monsterinsights_sitenote_active":false,"_monsterinsights_sitenote_note":"","_monsterinsights_sitenote_category":0,"footnotes":""},"categories":[88405],"tags":[88407,43674,91193],"class_list":["post-569275","post","type-post","status-publish","format-standard","hentry","category-armando-rios-ruiz","tag-armando-rios-ruiz","tag-opinion","tag-perfil-de-mexico"],"_links":{"self":[{"href":"https:\/\/www.diarioimagen.net\/index.php?rest_route=\/wp\/v2\/posts\/569275","targetHints":{"allow":["GET"]}}],"collection":[{"href":"https:\/\/www.diarioimagen.net\/index.php?rest_route=\/wp\/v2\/posts"}],"about":[{"href":"https:\/\/www.diarioimagen.net\/index.php?rest_route=\/wp\/v2\/types\/post"}],"author":[{"embeddable":true,"href":"https:\/\/www.diarioimagen.net\/index.php?rest_route=\/wp\/v2\/users\/3"}],"replies":[{"embeddable":true,"href":"https:\/\/www.diarioimagen.net\/index.php?rest_route=%2Fwp%2Fv2%2Fcomments&post=569275"}],"version-history":[{"count":0,"href":"https:\/\/www.diarioimagen.net\/index.php?rest_route=\/wp\/v2\/posts\/569275\/revisions"}],"wp:attachment":[{"href":"https:\/\/www.diarioimagen.net\/index.php?rest_route=%2Fwp%2Fv2%2Fmedia&parent=569275"}],"wp:term":[{"taxonomy":"category","embeddable":true,"href":"https:\/\/www.diarioimagen.net\/index.php?rest_route=%2Fwp%2Fv2%2Fcategories&post=569275"},{"taxonomy":"post_tag","embeddable":true,"href":"https:\/\/www.diarioimagen.net\/index.php?rest_route=%2Fwp%2Fv2%2Ftags&post=569275"}],"curies":[{"name":"wp","href":"https:\/\/api.w.org\/{rel}","templated":true}]}}