{"id":569279,"date":"2022-12-16T00:03:25","date_gmt":"2022-12-16T06:03:25","guid":{"rendered":"https:\/\/www.diarioimagen.net\/?p=569279"},"modified":"2022-12-16T02:10:09","modified_gmt":"2022-12-16T08:10:09","slug":"amlo-contra-la-prensa","status":"publish","type":"post","link":"https:\/\/www.diarioimagen.net\/?p=569279","title":{"rendered":"AMLO, contra la prensa"},"content":{"rendered":"<h2>Espacio Electoral<\/h2>\n<h5>Eleazar Flores<\/h5>\n<p>&nbsp;<\/p>\n<p><strong>NI SE INMUTA-.<\/strong> Un nuevo frente de batalla, ahora de car\u00e1cter internacional, ha abierto el presidente Andr\u00e9s Manuel L\u00f3pez Obrador, al calificar de CONSERVADOR el gremio period\u00edstico ART\u00cdCULO 19, fundado en 1987 en Londres. A lo mejor hubiera querido que Per\u00fa fuera su sede.<\/p>\n<p>Y el padre de la Cuarta Transformaci\u00f3n ni se inmuta cuando se cataloga a M\u00e9xico como el pa\u00eds m\u00e1s riesgoso del mundo para el ejercicio del periodismo, superando incluso a naciones en guerra como Ucrania, lo que ya es decir mucho.<\/p>\n<p>Otra organizaci\u00f3n, REPORTEROS SIN FRONTERAS, sustenta con n\u00fameros sus denuncias, pues s\u00f3lo en este 2022 han perdido la vida en ejercicio de su profesi\u00f3n 533 periodistas, a\u00f1adiendo en su reporte anual que Am\u00e9rica es la regi\u00f3n m\u00e1s peligrosa y de entre \u00e9sta, M\u00e9xico, donde han fallecido m\u00e1s periodistas, 11 en este a\u00f1o, contra s\u00f3lo 8 que murieron en Ucrania.<\/p>\n<p>\u201cM\u00e9xico se mantiene a la cabeza de los pa\u00edses m\u00e1s mort\u00edferos para los periodistas, dice Pauline Ades-Mevel, redactora en jefe y portavoz de la organizaci\u00f3n de la defensa de los profesionales de la informaci\u00f3n con sede en Par\u00eds.<\/p>\n<p>A\u00f1ade en su informe anual 2022, que este a\u00f1o perdieron la vida 57 periodistas, cifra superior a la de 2021, a\u00f1o en el que fallecieron 48.<\/p>\n<p>Por tratarse de este gremio, tan vilipendiado en esta administraci\u00f3n de la Cuarta Transformaci\u00f3n por el propio Presidente de la Rep\u00fablica, vale dedicar un espacio, no de reflexi\u00f3n, cuando menos de informaci\u00f3n, pues para el gobierno todos los periodistas y empresas de medios que lo critican, pertenecen al ala conservadora, sin mayor juicio de an\u00e1lisis.<\/p>\n<p>En el caso espec\u00edfico de M\u00e9xico, es desde el p\u00falpito ma\u00f1anero que casi a diario, la homil\u00eda del predicador se enfoca a los medios, dando hasta nombres y apellidos de periodistas no comulgantes con su forma de gobierno, lo que sin duda pone en peligro la vida de esos comunicadores.<\/p>\n<p><strong>EDOMEX-.<\/strong> Conforme se acercan las posadas embarga el esp\u00edritu navide\u00f1o hasta a los pol\u00edticos, hombres o mujeres, que dicen que antepondr\u00e1n sus intereses personales a los de su partido.<\/p>\n<p>Un ejemplo de ello -de confirmarse-, es el hecho de que la aspirante a candidata a la gubernatura mexiquense -que incluso muchos la colocaban en la delantera-, Ana Lilia Herrera tendr\u00e1 su premio de consolaci\u00f3n la semana pr\u00f3xima, la delegaci\u00f3n nacional de su partido en la entidad.<\/p>\n<p>Muchos incr\u00e9dulos o que hubieran querido algo mejor para la ex alcaldesa de Metepec, se resisten a creer la versi\u00f3n, misma que podr\u00e1 confirmarse o desmentirse la semana pr\u00f3xima.<\/p>\n<p>De suceder la primera versi\u00f3n, Ana Lilia seguramente levantar\u00eda los bonos de la defensora del voto, Alejandra del Moral, aun cuando al inicio hasta causar\u00eda morbo\u2026 al tiempo.<\/p>\n<p><em><a href=\"mailto:elefa44@gmail.com\" target=\"_blank\" rel=\"noopener noreferrer\">lefa44@gmail.com<\/a><\/em><\/p>\n","protected":false},"excerpt":{"rendered":"<p><span style=\"color: #005497;\"><strong>Eleazar Flores<\/strong><\/span><\/p>\n","protected":false},"author":3,"featured_media":0,"comment_status":"open","ping_status":"open","sticky":false,"template":"","format":"standard","meta":{"_monsterinsights_skip_tracking":false,"_monsterinsights_sitenote_active":false,"_monsterinsights_sitenote_note":"","_monsterinsights_sitenote_category":0,"footnotes":""},"categories":[81743],"tags":[81744,81776,43674],"class_list":["post-569279","post","type-post","status-publish","format-standard","hentry","category-eleazar-flores","tag-eleazar-flores","tag-espacio-electoral","tag-opinion"],"_links":{"self":[{"href":"https:\/\/www.diarioimagen.net\/index.php?rest_route=\/wp\/v2\/posts\/569279","targetHints":{"allow":["GET"]}}],"collection":[{"href":"https:\/\/www.diarioimagen.net\/index.php?rest_route=\/wp\/v2\/posts"}],"about":[{"href":"https:\/\/www.diarioimagen.net\/index.php?rest_route=\/wp\/v2\/types\/post"}],"author":[{"embeddable":true,"href":"https:\/\/www.diarioimagen.net\/index.php?rest_route=\/wp\/v2\/users\/3"}],"replies":[{"embeddable":true,"href":"https:\/\/www.diarioimagen.net\/index.php?rest_route=%2Fwp%2Fv2%2Fcomments&post=569279"}],"version-history":[{"count":0,"href":"https:\/\/www.diarioimagen.net\/index.php?rest_route=\/wp\/v2\/posts\/569279\/revisions"}],"wp:attachment":[{"href":"https:\/\/www.diarioimagen.net\/index.php?rest_route=%2Fwp%2Fv2%2Fmedia&parent=569279"}],"wp:term":[{"taxonomy":"category","embeddable":true,"href":"https:\/\/www.diarioimagen.net\/index.php?rest_route=%2Fwp%2Fv2%2Fcategories&post=569279"},{"taxonomy":"post_tag","embeddable":true,"href":"https:\/\/www.diarioimagen.net\/index.php?rest_route=%2Fwp%2Fv2%2Ftags&post=569279"}],"curies":[{"name":"wp","href":"https:\/\/api.w.org\/{rel}","templated":true}]}}