{"id":569288,"date":"2022-12-23T00:10:14","date_gmt":"2022-12-23T06:10:14","guid":{"rendered":"https:\/\/www.diarioimagen.net\/?p=569288"},"modified":"2022-12-23T01:29:45","modified_gmt":"2022-12-23T07:29:45","slug":"gobernadores-muertos-en-funciones","status":"publish","type":"post","link":"https:\/\/www.diarioimagen.net\/?p=569288","title":{"rendered":"Gobernadores muertos en funciones"},"content":{"rendered":"<h2>De frente y de perfil<\/h2>\n<h5>Ram\u00f3n Zurita Sahag\u00fan<\/h5>\n<p>&nbsp;<\/p>\n<p>No son un n\u00famero muy grande, pero s\u00ed hay varios casos de gobernadores en funciones que pierden la vida y que alteran el panorama pol\u00edtico de sus entidades.<\/p>\n<p>Los casos son aislados, aunque suceden cada vez m\u00e1s en diferentes partes del pa\u00eds en los tiempos recientes.<\/p>\n<p>El caso reciente del gobernador de Puebla, Migue Barbosa, es sumamente curioso, ya que, en menos de cuatro a\u00f1os, dos gobernadores en funciones perdieron la vida. La primera (Martha \u00c9rika Alonso) en un percance a\u00e9reo (ca\u00edda de un helic\u00f3ptero) en el que tambi\u00e9n perdieron la vida su esposo y ex gobernador de Puebla, Rafael Moreno Valle, y otras personas m\u00e1s y ahora Luis Miguel Barbosa, quien gan\u00f3 en una elecci\u00f3n extraordinaria.<\/p>\n<p>Pero antes otros gobernadores en funciones tambi\u00e9n perdieron la vida. Eligio Esquivel, gobernador de Baja California, perdi\u00f3 la vida en 1964, en Calexico, California, cuando llevaba cuatro a\u00f1os en el poder. Gustavo Aubanel fue nombrado gobernador interino.<\/p>\n<p>Eduardo Villase\u00f1or ten\u00eda apenas poco m\u00e1s de 20 d\u00edas cuando debi\u00f3 solicitar licencia por denuncia de fraude del PRD y cuando muri\u00f3 en un accidente de tr\u00e1nsito en su natal Michoac\u00e1n, cuando a\u00fan gozaba de licencia. Su sucesor fue Genovevo Figueroa Zamudio.<\/p>\n<p>Gustavo V\u00e1zquez Montes, gobernador de Colima, fue un pol\u00edtico tr\u00e1gico, ya que fue electo en dos ocasiones gobernador del estado, aunque la primera ocasi\u00f3n su triunfo no fue reconocido por la intromisi\u00f3n del gobernador en funciones, Fernando Moreno Pe\u00f1a, por lo que tuvieron que realizar nuevos comicios. A su muerte, ocurrida en un percance a\u00e9reo y por no cumplir siquiera los dos a\u00f1os de gobierno, se realizaron nuevos comicios, en los que result\u00f3 ganador Jes\u00fas Silverio Cavazos. Arnoldo Ochoa fue el interino que cubri\u00f3 la gobernabilidad, a la muerte de Gustavo V\u00e1zquez.<\/p>\n<p>En el mismo Colima, en 1973, Antonio Barbosa, fue electo gobernador, pero no lleg\u00f3 a tomar posesi\u00f3n, ya que aparentemente se suicid\u00f3. Leonel Ram\u00edrez Garc\u00eda fue el gobernador interino. Arturo Noriega Pizano fue electo como nuevo gobernador.<\/p>\n<p>Rodolfo T. Loaiza, gobernador de Sinaloa, fue asesinado en 1944, poco antes de terminar su mandato. Teodoro Cruz cubri\u00f3 un interinato.<\/p>\n<p>Alfredo Z\u00e1rate Albarr\u00e1n ten\u00eda seis meses de gobernador del Estado de M\u00e9xico cuando fue herido y muri\u00f3 a causa de ello, Jos\u00e9 Luis Guti\u00e9rrez fue su sucesor.<\/p>\n<p>Esos son los casos m\u00e1s sonoros de gobernadores que no pudieron terminar sus periodos por muerte, algunos de ellos en accidente, otros por muerte causada por enfermedad y otros m\u00e1s, asesinados.<\/p>\n<p style=\"text-align: center;\"><strong>*****<\/strong><\/p>\n<p>Les dur\u00f3 muy poco la invitaci\u00f3n que los dirigentes nacionales del PRD hicieron a Ricardo Monreal para que se convirtiera en su candidato presidencial, ya que tuvieron que recular luego de que la bancada morenista que encabeza el zacatecano vot\u00f3 a favor de la aprobaci\u00f3n del \u201cplan B\u201d electoral\u2026 Coincidencias del destino. Entre el matrimonio Moreno\u2013Alonso hay demasiadas, ya que la fricci\u00f3n entre ellos, los acerc\u00f3 en su muerte. Miguel Barbosa fue llevado de emergencia a un hospital de Puebla que lleva por nombre Rafael Moreno Valle, id\u00e9ntico que el ex gobernador fallecido el 24 de diciembre de 2018, ya que representa un homenaje a su abuelo, quien tambi\u00e9n fue gobernador. Su muerte ocurri\u00f3 el 13 de diciembre, un d\u00eda antes de la toma de posesi\u00f3n de Martha \u00c9rika Alonso, su antecesora en el gobierno poblano, con quien disput\u00f3 la elecci\u00f3n de 2018. Muri\u00f3 en funciones como su gran adversaria, aunque la diferencia que a su velorio s\u00ed acudi\u00f3 el Presidente de la Rep\u00fablica, cosa que no sucedi\u00f3 con su antecesora.<\/p>\n<p><a href=\"mailto:ramonzurita44@hotmail.com\" target=\"_blank\" rel=\"noopener noreferrer\"><em>ramonzurita44@hotmail.com<\/em><\/a><\/p>\n","protected":false},"excerpt":{"rendered":"<p><span style=\"color: #005497;\"><strong>Ram\u00f3n Zurita Sahag\u00fan<\/strong><\/span><\/p>\n","protected":false},"author":3,"featured_media":0,"comment_status":"open","ping_status":"open","sticky":false,"template":"","format":"standard","meta":{"_monsterinsights_skip_tracking":false,"_monsterinsights_sitenote_active":false,"_monsterinsights_sitenote_note":"","_monsterinsights_sitenote_category":0,"footnotes":""},"categories":[234],"tags":[304,43674,43687],"class_list":["post-569288","post","type-post","status-publish","format-standard","hentry","category-ramon-zurita-sahagun","tag-de-frente-y-de-perfil","tag-opinion","tag-ramon-zurita-sahagun"],"_links":{"self":[{"href":"https:\/\/www.diarioimagen.net\/index.php?rest_route=\/wp\/v2\/posts\/569288","targetHints":{"allow":["GET"]}}],"collection":[{"href":"https:\/\/www.diarioimagen.net\/index.php?rest_route=\/wp\/v2\/posts"}],"about":[{"href":"https:\/\/www.diarioimagen.net\/index.php?rest_route=\/wp\/v2\/types\/post"}],"author":[{"embeddable":true,"href":"https:\/\/www.diarioimagen.net\/index.php?rest_route=\/wp\/v2\/users\/3"}],"replies":[{"embeddable":true,"href":"https:\/\/www.diarioimagen.net\/index.php?rest_route=%2Fwp%2Fv2%2Fcomments&post=569288"}],"version-history":[{"count":0,"href":"https:\/\/www.diarioimagen.net\/index.php?rest_route=\/wp\/v2\/posts\/569288\/revisions"}],"wp:attachment":[{"href":"https:\/\/www.diarioimagen.net\/index.php?rest_route=%2Fwp%2Fv2%2Fmedia&parent=569288"}],"wp:term":[{"taxonomy":"category","embeddable":true,"href":"https:\/\/www.diarioimagen.net\/index.php?rest_route=%2Fwp%2Fv2%2Fcategories&post=569288"},{"taxonomy":"post_tag","embeddable":true,"href":"https:\/\/www.diarioimagen.net\/index.php?rest_route=%2Fwp%2Fv2%2Ftags&post=569288"}],"curies":[{"name":"wp","href":"https:\/\/api.w.org\/{rel}","templated":true}]}}