{"id":569378,"date":"2022-12-19T00:04:03","date_gmt":"2022-12-19T06:04:03","guid":{"rendered":"https:\/\/www.diarioimagen.net\/?p=569378"},"modified":"2022-12-19T00:03:41","modified_gmt":"2022-12-19T06:03:41","slug":"argentina-campeon","status":"publish","type":"post","link":"https:\/\/www.diarioimagen.net\/?p=569378","title":{"rendered":"Argentina, campe\u00f3n"},"content":{"rendered":"<h2>Desde el portal<\/h2>\n<h5>\u00c1ngel Soriano<\/h5>\n<p>&nbsp;<\/p>\n<p>Un final impactante dio el triunfo a Argentina en el Mundial de Futbol Qatar 2022, pero m\u00e1s all\u00e1 de las reglas del juego, de las inconformidades por el arbitraje, y del \u00eddolo Lionel Messi, queda demostrado que, independientemente de la ubicaci\u00f3n geogr\u00e1fica, fue en realidad una competencia entre culturas y razas, la mezcla racial entre continentes.<\/p>\n<p>S\u00f3lo los intereses econ\u00f3micos que dominan el deporte hacen la diferencia entre naciones, colores de camisetas, banderas e himnos, para dejar en claro la fortaleza de una raza que domina las competencias en todos los rubros y son los africanos que se han dispersado por el mundo y dominado a trav\u00e9s de su fortaleza f\u00edsica naciones.<\/p>\n<p>Incluso en los Estados Unidos hombres y mujeres de color est\u00e1n en todas las actividades y tambi\u00e9n en Europa y Am\u00e9rica Latina y salen en defensa de las naciones que les han dado cobijo ante las pocas habilidades de sus nativos. Nuestro pa\u00eds, no es la excepci\u00f3n, y es obvio que los europeos dominan la actividad pol\u00edtica o econ\u00f3mica desde hace siglos.<\/p>\n<p>Sin embargo, el final de futbol de Qatar 202 deja varias lecciones: Desde la calidad, preparaci\u00f3n y dedicaci\u00f3n de sus deportistas por la defensa de las banderas que representan, hasta la necesidad de preparar a las nuevas generaciones no s\u00f3lo en los deportes, sino en los retos tecnol\u00f3gicos y las competencias mercantiles; lo importante es que prevalezca la paz.<\/p>\n<p style=\"text-align: center;\"><strong>TURBULENCIAS<br \/>\nExclusi\u00f3n a la disidencia<\/strong><\/p>\n<p>Pese a que se promueve la tolerancia y el respeto a las diferentes formas de pensar, el senador Ricardo Monreal es excluido de la visita a Palacio Nacional como agradecimiento a su apoyo por la aprobaci\u00f3n de las leyes secundarias en materia electoral. Y aunque \u00e9stas tienen todav\u00eda camino por recorrer, se considera que al final ser\u00e1n aprobadas y entrar\u00e1n en vigencia en tiempo y forma\u2026 La Asociaci\u00f3n Mexicana de Empresas de Seguridad Privada (AMESP)\u00a0 felicit\u00f3 a la Secretaria de Seguridad P\u00fablica y Protecci\u00f3n Ciudadana, Rosa Icela Rodr\u00edguez, por los 4 reconocimientos de transparencia pro activa que recibi\u00f3 del INAI por identificar y difundir entre la sociedad informaci\u00f3n \u00fatil y de calidad sobre diversos temas de inter\u00e9s p\u00fablico, como el facilitar el registro y la legalizaci\u00f3n de las empresas de seguridad privada y ser un mecanismo de verificaci\u00f3n de permisos vigentes para otorgar m\u00e1s de certeza y seguridad a los usuarios. La AMESP reconoce que la Direcci\u00f3n de Seguridad Privada se ha eficientado\u00a0 y record\u00f3 que uno de los principales objetivos de la AMESP, que agrupa a 211 empresas, es la aprobaci\u00f3n de una Ley General de Seguridad Privada y la creaci\u00f3n de la C\u00e1mara Nacional de la Industria de la Seguridad Privada y la capacitaci\u00f3n y profesionalizaci\u00f3n del personal que labora en estas\u2026 Se cumpli\u00f3 el pron\u00f3stico del presidente Andr\u00e9s Manuel L\u00f3pez Obrador que el triunfo de Argentina ser\u00e1 un reconocimiento a su pueblo, al presidente Alberto Fern\u00e1ndez, al Che, a Maradona y a Lionel Messi que es considerado ya como el mejor jugador del mundo\u2026 Empieza a generar dudas o a transparentarse el atentado a Ciro G\u00f3mez Leyva: Desde luego que los atacantes conoc\u00edan y conocen todos sus movimientos, en consecuencia sab\u00edan que utiliza veh\u00edculos o un veh\u00edculo blindado; si lo hubieran querido matar hubieran actuado de otra manera, no tirotear una camioneta a la que no pasan las balas o en otro sitio; luego, el periodista que dijo que estaba cerca de su casa, no se fue a \u00e9sta, sino que se refugi\u00f3 en la casa de su vecino, el sonorense Manlio Fabio Beltrones, experto en este tipo de operaciones, y m\u00e1s tarde sale del aire para irse de vacaciones. Si todo fue planeado, casual o coincidente, deben ser las autoridades capitalinas las que aclaren la situaci\u00f3n, puesto que no est\u00e1 claro el origen y las consecuencias del atentado y para dejar a cada quien en su lugar.<\/p>\n<p><u><a href=\"mailto:asorianocarrasco@yahoo.com\" target=\"_blank\" rel=\"noopener noreferrer\"><em>asorianocarrasco@yahoo.com<\/em><\/a><br \/>\n<em><a href=\"https:\/\/revistabrecha.com\" target=\"_blank\" rel=\"noopener noreferrer\">www.revistabrecha.com<\/a><br \/>\n<\/em><\/u><em>facebook oficial <a href=\"https:\/\/es-la.facebook.com\/RevistaBrecha.Oficial\" target=\"_blank\" rel=\"noopener\">@BrechaRevista<\/a><\/em><\/p>\n","protected":false},"excerpt":{"rendered":"<p><span style=\"color: #005497;\"><strong>\u00c1ngel Soriano<\/strong><\/span><\/p>\n","protected":false},"author":3,"featured_media":0,"comment_status":"open","ping_status":"open","sticky":false,"template":"","format":"standard","meta":{"_monsterinsights_skip_tracking":false,"_monsterinsights_sitenote_active":false,"_monsterinsights_sitenote_note":"","_monsterinsights_sitenote_category":0,"footnotes":""},"categories":[135],"tags":[85,86,43674],"class_list":["post-569378","post","type-post","status-publish","format-standard","hentry","category-angel-soriano-opinion","tag-angel-soriano","tag-desde-el-portal","tag-opinion"],"_links":{"self":[{"href":"https:\/\/www.diarioimagen.net\/index.php?rest_route=\/wp\/v2\/posts\/569378","targetHints":{"allow":["GET"]}}],"collection":[{"href":"https:\/\/www.diarioimagen.net\/index.php?rest_route=\/wp\/v2\/posts"}],"about":[{"href":"https:\/\/www.diarioimagen.net\/index.php?rest_route=\/wp\/v2\/types\/post"}],"author":[{"embeddable":true,"href":"https:\/\/www.diarioimagen.net\/index.php?rest_route=\/wp\/v2\/users\/3"}],"replies":[{"embeddable":true,"href":"https:\/\/www.diarioimagen.net\/index.php?rest_route=%2Fwp%2Fv2%2Fcomments&post=569378"}],"version-history":[{"count":0,"href":"https:\/\/www.diarioimagen.net\/index.php?rest_route=\/wp\/v2\/posts\/569378\/revisions"}],"wp:attachment":[{"href":"https:\/\/www.diarioimagen.net\/index.php?rest_route=%2Fwp%2Fv2%2Fmedia&parent=569378"}],"wp:term":[{"taxonomy":"category","embeddable":true,"href":"https:\/\/www.diarioimagen.net\/index.php?rest_route=%2Fwp%2Fv2%2Fcategories&post=569378"},{"taxonomy":"post_tag","embeddable":true,"href":"https:\/\/www.diarioimagen.net\/index.php?rest_route=%2Fwp%2Fv2%2Ftags&post=569378"}],"curies":[{"name":"wp","href":"https:\/\/api.w.org\/{rel}","templated":true}]}}