{"id":569380,"date":"2022-12-19T00:04:03","date_gmt":"2022-12-19T06:04:03","guid":{"rendered":"https:\/\/www.diarioimagen.net\/?p=569380"},"modified":"2022-12-19T00:05:33","modified_gmt":"2022-12-19T06:05:33","slug":"hipocresia-presidencial","status":"publish","type":"post","link":"https:\/\/www.diarioimagen.net\/?p=569380","title":{"rendered":"Hipocres\u00eda presidencial"},"content":{"rendered":"<h2>Perfil de M\u00e9xico<\/h2>\n<h5>Armando R\u00edos Ruiz<\/h5>\n<p>&nbsp;<\/p>\n<p>Las palabras de condena del Presidente al atentado perpetrado en contra del comunicador Ciro G\u00f3mez Leyva, que supuestamente reprueban el deseo de quitarle la vida, sonaron huecas, vac\u00edas y saturadas de hipocres\u00eda. Desde que asumi\u00f3 el poder no ha hecho m\u00e1s que denostar desde su tribuna ma\u00f1anera, a todos los periodistas que disiden de su forma de gobernar.<\/p>\n<p>No hay forma de demostrar que \u00e9l fue quien orden\u00f3 su muerte. Pero s\u00ed es posible decir que sus maldiciones a la prensa que no concuerda con su forma de gobernar, influyeron en la comisi\u00f3n del atentado. Desde que inici\u00f3 su gobierno, han sido muchos los comunicadores, polit\u00f3logos, conocedores de la pol\u00edtica mexicana y gente com\u00fan, pero pensante, que han reprobado sus denuestos.<\/p>\n<p>La conclusi\u00f3n de estas premisas dice que luego, sus agravios constantes hicieron su efecto. La escasa inteligencia no le da para imaginar que la voz de un mandatario, pesa toneladas, cuando hay expresiones suyas en cualquier sentido.<\/p>\n<p>No le queda una condolencia hip\u00f3crita. Porque resulta fingido condenar atentados que \u00e9l mismo alienta. Que \u00e9l mismo construye. Quiz\u00e1 sin darse cuenta. Porque darse cuenta es condici\u00f3n inteligente. Desde que se conoce su biograf\u00eda, nadie cuerdo conoce una actitud suya que no sea la del pol\u00edtico indolente.<\/p>\n<p>Conducta heredada a sus descendientes que presumen de una vida disipada y se jactan de tener mejores condiciones de existencia, comparada con las mayor\u00edas mexicanas, que no tienen la fortuna de competir ni en sue\u00f1os, con esa envidiable forma de vivir y que denuncian lo que es disfrutar en serio, a costillas de un gobierno que esconde las reales intenciones tras la mentira repetitiva, de que trabaja para los pobres.<\/p>\n<p>\u201c\u00a1Primero te condeno y luego me apiado de ti!\u201d Parecen decir sus palabras de condolencias respecto al atentado. Desde el principio de su administraci\u00f3n, no han sido pocos los periodistas e instituciones period\u00edsticas, que le han solicitado bajar el volumen de denuestos a la prensa mexicana, porque tarde o temprano, traer\u00edan consecuencias funestas.<\/p>\n<p>Jam\u00e1s escuch\u00f3 esas advertencias, porque, sencillamente, no cuenta con la inteligencia suficiente para advertir que sus desprecios y calificativos condenatorios tienen una resonancia de consecuencias inimaginables. Para que esto sea posible, hay que contar con un coeficiente no alto. S\u00ed aceptable.<\/p>\n<p>Seguramente, si hubiera un atentado contra Loret de Mola o contra \u201cBrozo\u201d, a quienes ha denunciado penalmente, dir\u00eda que lo siente desde lo m\u00e1s profundo de su coraz\u00f3n. Y habr\u00eda incondicionales, chairos, que creer\u00edan en esas palabras huecas e hip\u00f3critas. \u00a1Seamos honestos: no le queda!<\/p>\n<p>Apenas el mi\u00e9rcoles anterior al atentado, el Presidente dijo con ese dejo de sarcasmo que no abandona, que escuchar a Ciro y a otros periodistas que se manifiestan contrario a su forma de gobernar, es da\u00f1ino para la salud. \u00bfAcaso no es m\u00e1s da\u00f1ino para la salud de los mexicanos, recomendar salir a la calle e inundar restaurantes y centros comerciales sin cubrebocas y con escapularios, durante la pandemia que acab\u00f3 oficialmente con un mill\u00f3n de mexicanos y que est\u00e1 de regreso, con sus crueles y despiadadas advertencias?<\/p>\n<p>Ponerse al t\u00fa por t\u00fa con los periodista y con cualquier clase de cr\u00edtico, es una demostraci\u00f3n plena y contundente, de que no tiene la m\u00ednima capacidad para entender o percibir que la diferencia de pesos es como la del boxeador gigantesco, de m\u00e1s de cien kilos, que se enfrenta a uno de menos de cincuenta kilos o mejor, a un ni\u00f1o.<\/p>\n<p>Eso de que \u201ctenemos diferencias que son del dominio p\u00fablico\u201d, es precisamente prueba contundente de que no existe la m\u00ednima capacidad para diferenciar su peso frente a cualquier ciudadano que sin lugar a dudas, sin discusi\u00f3n, podr\u00eda recibir da\u00f1o, por el s\u00f3lo hecho de mencionarlo con palabras de repudio de su parte. Definitivamente, su mente no le ayuda a entender.<u><\/u><\/p>\n<p><a href=\"mailto:ariosruiz@gmail.com\" target=\"_blank\" rel=\"noopener noreferrer\"><em>ariosruiz@gmail.com<\/em><\/a><\/p>\n","protected":false},"excerpt":{"rendered":"<p><span style=\"color: #005497;\"><strong>Armando R\u00edos Ruiz<\/strong><\/span><\/p>\n","protected":false},"author":3,"featured_media":0,"comment_status":"open","ping_status":"open","sticky":false,"template":"","format":"standard","meta":{"_monsterinsights_skip_tracking":false,"_monsterinsights_sitenote_active":false,"_monsterinsights_sitenote_note":"","_monsterinsights_sitenote_category":0,"footnotes":""},"categories":[88405],"tags":[88407,43674,91193],"class_list":["post-569380","post","type-post","status-publish","format-standard","hentry","category-armando-rios-ruiz","tag-armando-rios-ruiz","tag-opinion","tag-perfil-de-mexico"],"_links":{"self":[{"href":"https:\/\/www.diarioimagen.net\/index.php?rest_route=\/wp\/v2\/posts\/569380","targetHints":{"allow":["GET"]}}],"collection":[{"href":"https:\/\/www.diarioimagen.net\/index.php?rest_route=\/wp\/v2\/posts"}],"about":[{"href":"https:\/\/www.diarioimagen.net\/index.php?rest_route=\/wp\/v2\/types\/post"}],"author":[{"embeddable":true,"href":"https:\/\/www.diarioimagen.net\/index.php?rest_route=\/wp\/v2\/users\/3"}],"replies":[{"embeddable":true,"href":"https:\/\/www.diarioimagen.net\/index.php?rest_route=%2Fwp%2Fv2%2Fcomments&post=569380"}],"version-history":[{"count":0,"href":"https:\/\/www.diarioimagen.net\/index.php?rest_route=\/wp\/v2\/posts\/569380\/revisions"}],"wp:attachment":[{"href":"https:\/\/www.diarioimagen.net\/index.php?rest_route=%2Fwp%2Fv2%2Fmedia&parent=569380"}],"wp:term":[{"taxonomy":"category","embeddable":true,"href":"https:\/\/www.diarioimagen.net\/index.php?rest_route=%2Fwp%2Fv2%2Fcategories&post=569380"},{"taxonomy":"post_tag","embeddable":true,"href":"https:\/\/www.diarioimagen.net\/index.php?rest_route=%2Fwp%2Fv2%2Ftags&post=569380"}],"curies":[{"name":"wp","href":"https:\/\/api.w.org\/{rel}","templated":true}]}}