{"id":569497,"date":"2022-12-20T00:02:49","date_gmt":"2022-12-20T06:02:49","guid":{"rendered":"https:\/\/www.diarioimagen.net\/?p=569497"},"modified":"2022-12-21T01:32:01","modified_gmt":"2022-12-21T07:32:01","slug":"reabriran-el-15-de-enero-el-tramo-subterraneo-de-linea-12-del-metro","status":"publish","type":"post","link":"https:\/\/www.diarioimagen.net\/?p=569497","title":{"rendered":"Reabrir\u00e1n el 15 de enero el tramo subterr\u00e1neo de L\u00ednea 12 del Metro"},"content":{"rendered":"<p>&nbsp;<\/p>\n<h3 style=\"text-align: center;\">Tras m\u00e1s de un a\u00f1o de cierre por tragedia<\/h3>\n<p>&nbsp;<\/p>\n<ul>\n<li><strong><em>Autoridades a\u00fan no tienen fecha para que el tramo elevado sea puesto en operaci\u00f3n<\/em><\/strong><\/li>\n<\/ul>\n<p>&nbsp;<\/p>\n<div id=\"attachment_569592\" style=\"width: 470px\" class=\"wp-caption aligncenter\"><a href=\"https:\/\/www.diarioimagen.net\/?attachment_id=569592\" rel=\"attachment wp-att-569592\"><img loading=\"lazy\" decoding=\"async\" aria-describedby=\"caption-attachment-569592\" class=\"size-full wp-image-569592\" src=\"https:\/\/www.diarioimagen.net\/wp-content\/uploads\/2022\/12\/METRO-LINEA-12.jpg\" alt=\"\" width=\"460\" height=\"270\" \/><\/a><p id=\"caption-attachment-569592\" class=\"wp-caption-text\">La L\u00ednea 12 del Metro, en su parte subterr\u00e1nea, reabrir\u00e1 este 15 de enero, anunciaron autoridades capitalinas,\u00a0\u00a0a un a\u00f1o y siete meses del colapso en una parte del tramo elevado.<\/p><\/div>\n<p>&nbsp;<\/p>\n<p>La parte subterr\u00e1nea de la L\u00ednea 12 del Metro, que corre de Mixcoac a Atlalilco, ser\u00e1 reabierta el pr\u00f3ximo 15 de enero, despu\u00e9s de mantenerse cerrada desde el 3 de mayo de 2021, cuando una parte del viaducto elevado colaps\u00f3.<\/p>\n<p>\u201cTenemos estimado que abrir\u00e1 alrededor del 15 de enero porque requiere como 15 d\u00edas de pruebas. La obra civil va a estar terminada (\u2026) y estaremos abriendo alrededor del 15 de enero el tramo subterr\u00e1neo\u201d, anunci\u00f3 la jefa de Gobierno de la Ciudad de M\u00e9xico. La mandataria capitalina agreg\u00f3 que a\u00fan no se cuenta con fecha para que el tramo elevado sea puesto en operaci\u00f3n, aunque estim\u00f3 que podr\u00eda ser en el primer semestre de 2023.<\/p>\n<p>Despu\u00e9s del colapso del tramo elevado en la interestaci\u00f3n Olivos-Tezonco, el presidente Andr\u00e9s Manuel L\u00f3pez Obrador se comprometi\u00f3 a que en un a\u00f1o la L\u00ednea 12 estar\u00eda funcionando de nueva cuenta, sin embargo, el compromiso qued\u00f3 s\u00f3lo en una promesa.<\/p>\n<p>\u201cA m\u00e1s tardar en un a\u00f1o ya estar\u00e1 funcionando toda la l\u00ednea con toda la seguridad y es mi palabra. Se va a hacer una revisi\u00f3n completa. Ya se est\u00e1 llevando a cabo. Yo me hago cargo de eso. Y tambi\u00e9n para que no se malinterprete, esta fue una iniciativa de la Jefa de Gobierno, a la que apoyo y respaldo. Pero si hace falta, dejo empe\u00f1ada mi palabra de que vamos a resolver el problema, y lo mismo en el caso judicial\u201d, dijo L\u00f3pez Obrador en la conferencia matutina del 24 de junio de 2021.<\/p>\n<p>Sheinbaum explic\u00f3 que semanalmente se est\u00e1 dando seguimiento a los avances en el tramo elevado y que actualmente se est\u00e1n atacando alrededor de 85 claros al mismo tiempo -de los 254-. Tambi\u00e9n inform\u00f3 que 15 claros ya est\u00e1n terminados y \u201cest\u00e1 tomando ritmo la obra\u201d.<\/p>\n<p>\u201cSe est\u00e1 haciendo todo para que pueda abrir el primer semestre del pr\u00f3ximo a\u00f1o la (parte) elevada. No quisiera dar una fecha concreta, pero va avanzando bastante\u201d, asegur\u00f3 Sheinbaum.<\/p>\n<p>Y es que, de acuerdo a lo que explic\u00f3 Sheinbaum, no hay suficiente n\u00famero de soldadores certificados y eso ha sido un inconveniente para la atenci\u00f3n del viaducto elevado. Incluso, sostuvo que tuvieron que abrir una escuela de soldadores para certificarlos.<\/p>\n<p>A un a\u00f1o y siete meses de los sucesos no ha habido responsables. Diez exfuncionarios y trabajadores de las empresas constructoras est\u00e1n vinculados a proceso y se desahoga la investigaci\u00f3n complementaria en su contra.<\/p>\n<p style=\"text-align: center;\"><strong>Estaciones de la L\u00ednea 12 del Metro que van a abrir<\/strong><\/p>\n<p>Seg\u00fan detall\u00f3 la jefa de Gobierno, las estaciones abiertas son las que van de Mixcoac a Atlalilco, que son:<\/p>\n<p>\u00ac Mixcoac<br \/>\n\u00ac Insurgentes Sur<br \/>\n\u00ac Hospital 20 de Noviembre<br \/>\n\u00ac Zapata<br \/>\n\u00ac Parque de los Venados<br \/>\n\u00ac Eje Central<br \/>\n\u00ac Ermita<br \/>\n\u00ac Mexicaltzingo<br \/>\n\u00ac Atlalilco<\/p>\n<p>Cabe se\u00f1alar que actualmente se ofrece un servicio emergente de camiones de RTP y Metrob\u00fas para que los usuarios que usaban la l\u00ednea no se vean afectados por los trabajos de reparaci\u00f3n.<\/p>\n","protected":false},"excerpt":{"rendered":"<p>La parte subterr\u00e1nea de la L\u00ednea 12 del Metro, que corre de Mixcoac a Atlalilco, ser\u00e1 reabierta el pr\u00f3ximo 15 de enero, despu\u00e9s de mantenerse cerrada desde el 3 de mayo de 2021, cuando una parte del viaducto elevado colaps\u00f3.<\/p>\n","protected":false},"author":3,"featured_media":569592,"comment_status":"open","ping_status":"open","sticky":false,"template":"","format":"standard","meta":{"_monsterinsights_skip_tracking":false,"_monsterinsights_sitenote_active":false,"_monsterinsights_sitenote_note":"","_monsterinsights_sitenote_category":0,"footnotes":""},"categories":[6],"tags":[8433,17520,96066],"class_list":["post-569497","post","type-post","status-publish","format-standard","has-post-thumbnail","hentry","category-cd-de-mexico","tag-linea-12","tag-tragedia","tag-tramo"],"_links":{"self":[{"href":"https:\/\/www.diarioimagen.net\/index.php?rest_route=\/wp\/v2\/posts\/569497","targetHints":{"allow":["GET"]}}],"collection":[{"href":"https:\/\/www.diarioimagen.net\/index.php?rest_route=\/wp\/v2\/posts"}],"about":[{"href":"https:\/\/www.diarioimagen.net\/index.php?rest_route=\/wp\/v2\/types\/post"}],"author":[{"embeddable":true,"href":"https:\/\/www.diarioimagen.net\/index.php?rest_route=\/wp\/v2\/users\/3"}],"replies":[{"embeddable":true,"href":"https:\/\/www.diarioimagen.net\/index.php?rest_route=%2Fwp%2Fv2%2Fcomments&post=569497"}],"version-history":[{"count":0,"href":"https:\/\/www.diarioimagen.net\/index.php?rest_route=\/wp\/v2\/posts\/569497\/revisions"}],"wp:featuredmedia":[{"embeddable":true,"href":"https:\/\/www.diarioimagen.net\/index.php?rest_route=\/wp\/v2\/media\/569592"}],"wp:attachment":[{"href":"https:\/\/www.diarioimagen.net\/index.php?rest_route=%2Fwp%2Fv2%2Fmedia&parent=569497"}],"wp:term":[{"taxonomy":"category","embeddable":true,"href":"https:\/\/www.diarioimagen.net\/index.php?rest_route=%2Fwp%2Fv2%2Fcategories&post=569497"},{"taxonomy":"post_tag","embeddable":true,"href":"https:\/\/www.diarioimagen.net\/index.php?rest_route=%2Fwp%2Fv2%2Ftags&post=569497"}],"curies":[{"name":"wp","href":"https:\/\/api.w.org\/{rel}","templated":true}]}}