{"id":569499,"date":"2022-12-20T00:03:13","date_gmt":"2022-12-20T06:03:13","guid":{"rendered":"https:\/\/www.diarioimagen.net\/?p=569499"},"modified":"2022-12-20T02:56:02","modified_gmt":"2022-12-20T08:56:02","slug":"el-gobierno-de-cuautitlan-izcalli-recupera-area-natural-protegida","status":"publish","type":"post","link":"https:\/\/www.diarioimagen.net\/?p=569499","title":{"rendered":"El gobierno de Cuautitl\u00e1n Izcalli recupera \u00e1rea natural protegida"},"content":{"rendered":"<p>&nbsp;<\/p>\n<ul>\n<li><strong><em>Espacio conocido como \u201cParque Central\u201d<\/em><\/strong><\/li>\n<\/ul>\n<p>&nbsp;<\/p>\n<div id=\"attachment_569584\" style=\"width: 470px\" class=\"wp-caption aligncenter\"><a href=\"https:\/\/www.diarioimagen.net\/?attachment_id=569584\" rel=\"attachment wp-att-569584\"><img loading=\"lazy\" decoding=\"async\" aria-describedby=\"caption-attachment-569584\" class=\"size-full wp-image-569584\" src=\"https:\/\/www.diarioimagen.net\/wp-content\/uploads\/2022\/12\/gobierno-de-cuautitlan.jpg\" alt=\"\" width=\"460\" height=\"270\" \/><\/a><p id=\"caption-attachment-569584\" class=\"wp-caption-text\">Se resguard\u00f3 la fracci\u00f3n invadida del espacio conocido como \u201cParque Central\u201d, declarado \u00c1rea Natural Protegida desde diciembre del a\u00f1o 2009.<\/p><\/div>\n<p>&nbsp;<\/p>\n<p><strong>Cuautitl\u00e1n Izcalli, Estado de M\u00e9xico.\u2014<\/strong> En cumplimiento a la obligaci\u00f3n municipal de preservar y proteger los espacios naturales, se resguard\u00f3 la fracci\u00f3n invadida del espacio conocido como \u201cParque Central\u201d, declarado \u00c1rea Natural Protegida, desde diciembre del a\u00f1o 2009.<\/p>\n<p>En un acto de autoridad y defensa del medio ambiente, la madrugada de este s\u00e1bado el gobierno municipal de Cuautitl\u00e1n Izcalli, logr\u00f3 realizar el procedimiento de resguardo de dicho espacio. Por acuerdo dictado en sesi\u00f3n de Cabildo Municipal el viernes 16 de diciembre del presente a\u00f1o (DJ\/PRA\/001\/2022) se actu\u00f3 de manera inmediata.<\/p>\n<p>Estos hechos se llevaron a cabo despu\u00e9s de agotar y dar cumplimiento a los procedimientos y protocolos preestablecidos y de diferentes denuncias ciudadanas recibidas. La invasi\u00f3n de \u00e1reas naturales protegidas es una ilegalidad y un tema perseguido por las autoridades correspondientes.<\/p>\n<p>\u201cDesde el Gobierno de Cuautitl\u00e1n Izcalli reafirmamos nuestro compromiso de que la ciudadan\u00eda tenga espacios deportivos y de esparcimiento de calidad, salvaguardando el patrimonio del municipio y acatando los mandatos legales, por lo que se puede disponer, en el orden establecido, de los espacios deportivos y de esparcimiento para la ciudadan\u00eda.\u00a0 \u201cSe invita a todas y todos a conocer los espacios disponibles y su uso correcto, aprovechando los espacios p\u00fablicos autorizados\u201d, informaron las autoridades.<\/p>\n","protected":false},"excerpt":{"rendered":"<p>En cumplimiento a la obligaci\u00f3n municipal de preservar y proteger los espacios naturales, se resguard\u00f3 la fracci\u00f3n invadida del espacio conocido como \u201cParque Central\u201d, declarado \u00c1rea Natural Protegida, desde diciembre del a\u00f1o 2009.<\/p>\n","protected":false},"author":3,"featured_media":569584,"comment_status":"open","ping_status":"open","sticky":false,"template":"","format":"standard","meta":{"_monsterinsights_skip_tracking":false,"_monsterinsights_sitenote_active":false,"_monsterinsights_sitenote_note":"","_monsterinsights_sitenote_category":0,"footnotes":""},"categories":[5],"tags":[97055,971,43675,72501],"class_list":["post-569499","post","type-post","status-publish","format-standard","has-post-thumbnail","hentry","category-estado-de-mexico","tag-area-natural-protegida","tag-cuautitlan-izcalli","tag-estado-de-mexico","tag-recuperar"],"_links":{"self":[{"href":"https:\/\/www.diarioimagen.net\/index.php?rest_route=\/wp\/v2\/posts\/569499","targetHints":{"allow":["GET"]}}],"collection":[{"href":"https:\/\/www.diarioimagen.net\/index.php?rest_route=\/wp\/v2\/posts"}],"about":[{"href":"https:\/\/www.diarioimagen.net\/index.php?rest_route=\/wp\/v2\/types\/post"}],"author":[{"embeddable":true,"href":"https:\/\/www.diarioimagen.net\/index.php?rest_route=\/wp\/v2\/users\/3"}],"replies":[{"embeddable":true,"href":"https:\/\/www.diarioimagen.net\/index.php?rest_route=%2Fwp%2Fv2%2Fcomments&post=569499"}],"version-history":[{"count":0,"href":"https:\/\/www.diarioimagen.net\/index.php?rest_route=\/wp\/v2\/posts\/569499\/revisions"}],"wp:featuredmedia":[{"embeddable":true,"href":"https:\/\/www.diarioimagen.net\/index.php?rest_route=\/wp\/v2\/media\/569584"}],"wp:attachment":[{"href":"https:\/\/www.diarioimagen.net\/index.php?rest_route=%2Fwp%2Fv2%2Fmedia&parent=569499"}],"wp:term":[{"taxonomy":"category","embeddable":true,"href":"https:\/\/www.diarioimagen.net\/index.php?rest_route=%2Fwp%2Fv2%2Fcategories&post=569499"},{"taxonomy":"post_tag","embeddable":true,"href":"https:\/\/www.diarioimagen.net\/index.php?rest_route=%2Fwp%2Fv2%2Ftags&post=569499"}],"curies":[{"name":"wp","href":"https:\/\/api.w.org\/{rel}","templated":true}]}}