{"id":569501,"date":"2022-12-20T00:01:45","date_gmt":"2022-12-20T06:01:45","guid":{"rendered":"https:\/\/www.diarioimagen.net\/?p=569501"},"modified":"2022-12-20T02:57:28","modified_gmt":"2022-12-20T08:57:28","slug":"alegria-y-baile-en-concierto-navideno-de-la-orquesta-sinfonica-del-edomex","status":"publish","type":"post","link":"https:\/\/www.diarioimagen.net\/?p=569501","title":{"rendered":"Alegr\u00eda y baile en concierto navide\u00f1o de la Orquesta Sinf\u00f3nica del Edomex"},"content":{"rendered":"<p>&nbsp;<\/p>\n<ul>\n<li><strong><em>En el Foro Felipe Villanueva, del Parque Naucalli<\/em><\/strong><\/li>\n<\/ul>\n<p>&nbsp;<\/p>\n<div id=\"attachment_569588\" style=\"width: 470px\" class=\"wp-caption aligncenter\"><a href=\"https:\/\/www.diarioimagen.net\/?attachment_id=569588\" rel=\"attachment wp-att-569588\"><img loading=\"lazy\" decoding=\"async\" aria-describedby=\"caption-attachment-569588\" class=\"size-full wp-image-569588\" src=\"https:\/\/www.diarioimagen.net\/wp-content\/uploads\/2022\/12\/alegria-y-baile.jpg\" alt=\"\" width=\"460\" height=\"270\" \/><\/a><p id=\"caption-attachment-569588\" class=\"wp-caption-text\">Concierto de Navidad ofreci\u00f3 la Orquesta Sinf\u00f3nica del Estado de M\u00e9xico (OSEM) en el Foro Felipe Villanueva del Parque Naucalli.<\/p><\/div>\n<p>&nbsp;<\/p>\n<p><strong>Naucalpan, Estado de M\u00ebxico.\u2014<\/strong> La Orquesta Sinf\u00f3nica del Estado de M\u00e9xico (OSEM) alegr\u00f3 el Foro Felipe Villanueva del Parque Naucalli con su concierto de Navidad y puso a bailar al respetable p\u00fablico en un recorrido musical por diversas latitudes, de la mano del director Rodrigo Mac\u00edas Gonz\u00e1lez.<\/p>\n<p>El evento de la sinf\u00f3nica estatal fue organizado por la Secretar\u00eda de Cultura y Turismo del Estado de M\u00e9xico y el gobierno de Naucalpan, encabezado por la alcaldesa Ang\u00e9lica Moya Mar\u00edn, como parte de las acciones para reconstruir el tejido social en el municipio.<\/p>\n<p>Canciones navide\u00f1as que en su momento fueron hechas famosas por Elvis Presley, Paul McCartney y John Lennon, entre ellas \u201cHappy Christmas\u201d, fueron parte del repertorio presentado.<\/p>\n<p>No pudieron faltar los tradicionales villancicos como \u201cCamino a Bel\u00e9n\u201d, \u201cMi burrito sabanero\u201d, \u201cJingle bells\u201d, \u201cNoche de paz\u201d, \u201cLos peces en el r\u00edo\u201d y \u201cEsta Navidad\u201d, adem\u00e1s de \u201cEl a\u00f1o viejo\u201d y \u201cFeliz Navidad\u201d.<\/p>\n<p>M\u00e1s de 500 personas asistieron al concierto, algunas de ellas se dejaron llevar por el ritmo de las canciones y se pusieron a bailar con \u201clos mejores m\u00fasicos y voces de M\u00e9xico\u201d, como lo expres\u00f3 el director Mac\u00edas Gonz\u00e1lez.<\/p>\n","protected":false},"excerpt":{"rendered":"<p>La Orquesta Sinf\u00f3nica del Estado de M\u00e9xico (OSEM) alegr\u00f3 el Foro Felipe Villanueva del Parque Naucalli con su concierto de Navidad y puso a bailar al respetable p\u00fablico en un recorrido musical por diversas latitudes, de la mano del director Rodrigo Mac\u00edas Gonz\u00e1lez.<\/p>\n","protected":false},"author":3,"featured_media":569588,"comment_status":"open","ping_status":"open","sticky":false,"template":"","format":"standard","meta":{"_monsterinsights_skip_tracking":false,"_monsterinsights_sitenote_active":false,"_monsterinsights_sitenote_note":"","_monsterinsights_sitenote_category":0,"footnotes":""},"categories":[5],"tags":[43675,970,36117],"class_list":["post-569501","post","type-post","status-publish","format-standard","has-post-thumbnail","hentry","category-estado-de-mexico","tag-estado-de-mexico","tag-naucalpan","tag-parque-naucalli"],"_links":{"self":[{"href":"https:\/\/www.diarioimagen.net\/index.php?rest_route=\/wp\/v2\/posts\/569501","targetHints":{"allow":["GET"]}}],"collection":[{"href":"https:\/\/www.diarioimagen.net\/index.php?rest_route=\/wp\/v2\/posts"}],"about":[{"href":"https:\/\/www.diarioimagen.net\/index.php?rest_route=\/wp\/v2\/types\/post"}],"author":[{"embeddable":true,"href":"https:\/\/www.diarioimagen.net\/index.php?rest_route=\/wp\/v2\/users\/3"}],"replies":[{"embeddable":true,"href":"https:\/\/www.diarioimagen.net\/index.php?rest_route=%2Fwp%2Fv2%2Fcomments&post=569501"}],"version-history":[{"count":0,"href":"https:\/\/www.diarioimagen.net\/index.php?rest_route=\/wp\/v2\/posts\/569501\/revisions"}],"wp:featuredmedia":[{"embeddable":true,"href":"https:\/\/www.diarioimagen.net\/index.php?rest_route=\/wp\/v2\/media\/569588"}],"wp:attachment":[{"href":"https:\/\/www.diarioimagen.net\/index.php?rest_route=%2Fwp%2Fv2%2Fmedia&parent=569501"}],"wp:term":[{"taxonomy":"category","embeddable":true,"href":"https:\/\/www.diarioimagen.net\/index.php?rest_route=%2Fwp%2Fv2%2Fcategories&post=569501"},{"taxonomy":"post_tag","embeddable":true,"href":"https:\/\/www.diarioimagen.net\/index.php?rest_route=%2Fwp%2Fv2%2Ftags&post=569501"}],"curies":[{"name":"wp","href":"https:\/\/api.w.org\/{rel}","templated":true}]}}