{"id":569505,"date":"2022-12-20T00:02:06","date_gmt":"2022-12-20T06:02:06","guid":{"rendered":"https:\/\/www.diarioimagen.net\/?p=569505"},"modified":"2022-12-20T02:56:46","modified_gmt":"2022-12-20T08:56:46","slug":"ganaremos-el-edomex-con-una-mujer-priista-asegura-alejandro-moreno","status":"publish","type":"post","link":"https:\/\/www.diarioimagen.net\/?p=569505","title":{"rendered":"Ganaremos el Edomex con una mujer priista, asegura Alejandro Moreno"},"content":{"rendered":"<p>&nbsp;<\/p>\n<ul>\n<li><em><strong>Del Moral Vela, la mejor propuesta para el proyecto priista<\/strong><\/em><\/li>\n<\/ul>\n<p><strong>\u00a0<\/strong><\/p>\n<h6>Arturo Baena<\/h6>\n<p>&nbsp;<\/p>\n<div id=\"attachment_569586\" style=\"width: 470px\" class=\"wp-caption aligncenter\"><a href=\"https:\/\/www.diarioimagen.net\/?attachment_id=569586\" rel=\"attachment wp-att-569586\"><img loading=\"lazy\" decoding=\"async\" aria-describedby=\"caption-attachment-569586\" class=\"size-full wp-image-569586\" src=\"https:\/\/www.diarioimagen.net\/wp-content\/uploads\/2022\/12\/ganaremos-edomex.jpg\" alt=\"\" width=\"460\" height=\"270\" \/><\/a><p id=\"caption-attachment-569586\" class=\"wp-caption-text\">Ana Lilia Herrera y Alejandra Del Moral, durante la CXXV Sesi\u00f3n Extraordinaria del Consejo Pol\u00edtico Estatal del Partido Revolucionario Institucional.<\/p><\/div>\n<p>&nbsp;<\/p>\n<p><strong>Toluca, Estado de M\u00e9xico.\u2014<\/strong> Priistas mexiquenses reafirman que Alejandra Del Moral se convertir\u00e1 en la primera mujer que gobernar\u00e1 la entidad mexiquense, toda vez que cuenta con la trayectoria y experiencia necesaria para dicha encomienda.<\/p>\n<p>Y es que, durante la CXXV Sesi\u00f3n Extraordinaria del Consejo Pol\u00edtico Estatal del Partido Revolucionario Institucional (PRI), el presidente del Comit\u00e9 Ejecutivo Nacional (CEN), Alejandro Moreno C\u00e1rdenas, asegur\u00f3 que en el Estado de M\u00e9xico se tiene todo para ganar en 2023 y es la Coordinadora por la Defensa de la entidad mexiquense, Alejandra Del Moral Vela, la mejor propuesta para encabezar el proyecto tricolor.<\/p>\n<p>\u201cQuiero decirles que tenemos un gran activo en el priismo mexiquense y en nuestra colaci\u00f3n y por si esto fuera poco, tendremos a la mejor propuesta para encabezar a nuestro partido y a nuestra coalici\u00f3n con el PAN y con el PRD.<\/p>\n<p>\u201cQuiero aprovechar de manera genuina, clara, franca y con enorme cari\u00f1o, para expresar mi m\u00e1s alto respaldo, nuestra m\u00e1s alta satisfacci\u00f3n en la participaci\u00f3n hoy juntos, de postular a nuestra compa\u00f1era Alejandra Del Moral para ser quien encabece el proyecto de nuestro partido y de nuestra coalici\u00f3n para ganar la gubernatura en el 2023\u201d, enfatiz\u00f3.<\/p>\n<p>Alejandro Moreno afirm\u00f3 que en el Estado de M\u00e9xico se construye diariamente la unidad y con la militancia tricolor mexiquense se recuperar\u00e1 la confianza y la fortaleza del PRI, y se asistir\u00e1 a la contienda de 2023 con una coalici\u00f3n entre el Partido Acci\u00f3n Nacional (PAN) y el Partido de la Revoluci\u00f3n Democr\u00e1tica (PRD).<\/p>\n","protected":false},"excerpt":{"rendered":"<p>Priistas mexiquenses reafirman que Alejandra Del Moral se convertir\u00e1 en la primera mujer que gobernar\u00e1 la entidad mexiquense, toda vez que cuenta con la trayectoria y experiencia necesaria para dicha encomienda.<\/p>\n","protected":false},"author":3,"featured_media":569586,"comment_status":"open","ping_status":"open","sticky":false,"template":"","format":"standard","meta":{"_monsterinsights_skip_tracking":false,"_monsterinsights_sitenote_active":false,"_monsterinsights_sitenote_note":"","_monsterinsights_sitenote_category":0,"footnotes":""},"categories":[5],"tags":[2833,43675,362,452],"class_list":["post-569505","post","type-post","status-publish","format-standard","has-post-thumbnail","hentry","category-estado-de-mexico","tag-alejandra-del-moral-vela","tag-estado-de-mexico","tag-pri","tag-toluca"],"_links":{"self":[{"href":"https:\/\/www.diarioimagen.net\/index.php?rest_route=\/wp\/v2\/posts\/569505","targetHints":{"allow":["GET"]}}],"collection":[{"href":"https:\/\/www.diarioimagen.net\/index.php?rest_route=\/wp\/v2\/posts"}],"about":[{"href":"https:\/\/www.diarioimagen.net\/index.php?rest_route=\/wp\/v2\/types\/post"}],"author":[{"embeddable":true,"href":"https:\/\/www.diarioimagen.net\/index.php?rest_route=\/wp\/v2\/users\/3"}],"replies":[{"embeddable":true,"href":"https:\/\/www.diarioimagen.net\/index.php?rest_route=%2Fwp%2Fv2%2Fcomments&post=569505"}],"version-history":[{"count":0,"href":"https:\/\/www.diarioimagen.net\/index.php?rest_route=\/wp\/v2\/posts\/569505\/revisions"}],"wp:featuredmedia":[{"embeddable":true,"href":"https:\/\/www.diarioimagen.net\/index.php?rest_route=\/wp\/v2\/media\/569586"}],"wp:attachment":[{"href":"https:\/\/www.diarioimagen.net\/index.php?rest_route=%2Fwp%2Fv2%2Fmedia&parent=569505"}],"wp:term":[{"taxonomy":"category","embeddable":true,"href":"https:\/\/www.diarioimagen.net\/index.php?rest_route=%2Fwp%2Fv2%2Fcategories&post=569505"},{"taxonomy":"post_tag","embeddable":true,"href":"https:\/\/www.diarioimagen.net\/index.php?rest_route=%2Fwp%2Fv2%2Ftags&post=569505"}],"curies":[{"name":"wp","href":"https:\/\/api.w.org\/{rel}","templated":true}]}}