{"id":569507,"date":"2022-12-20T00:01:33","date_gmt":"2022-12-20T06:01:33","guid":{"rendered":"https:\/\/www.diarioimagen.net\/?p=569507"},"modified":"2022-12-21T01:21:57","modified_gmt":"2022-12-21T07:21:57","slug":"pjcdmx-amplia-a-nueve-sus-juzgados-de-tutela-de-derechos-humanos-en-2022","status":"publish","type":"post","link":"https:\/\/www.diarioimagen.net\/?p=569507","title":{"rendered":"PJCDMX ampl\u00eda a nueve sus juzgados de tutela de derechos humanos en 2022"},"content":{"rendered":"<p>&nbsp;<\/p>\n<ul>\n<li><em><strong>As\u00ed lo enfatiz\u00f3, en representaci\u00f3n del presidente del PJCDMX, magistrado Rafael Guerra \u00c1lvarez, la directora ejecutiva de Orientaci\u00f3n Ciudadana y Derechos Humanos, Yolanda Rangel Balmaceda, en la conmemoraci\u00f3n del D\u00eda Internacional de los Derechos Humanos<\/strong><\/em><\/li>\n<\/ul>\n<p>&nbsp;<\/p>\n<div id=\"attachment_569562\" style=\"width: 470px\" class=\"wp-caption aligncenter\"><a href=\"https:\/\/www.diarioimagen.net\/?attachment_id=569562\" rel=\"attachment wp-att-569562\"><img loading=\"lazy\" decoding=\"async\" aria-describedby=\"caption-attachment-569562\" class=\"size-full wp-image-569562\" src=\"https:\/\/www.diarioimagen.net\/wp-content\/uploads\/2022\/12\/tribunal-3.jpg\" alt=\"\" width=\"460\" height=\"270\" \/><\/a><p id=\"caption-attachment-569562\" class=\"wp-caption-text\">Como colof\u00f3n de una jornada de 16 d\u00edas de activismo contra la violencia hacia la mujer, la directora ejecutiva de Orientaci\u00f3n Ciudadana y Derechos Humanos, Yolanda Rangel Balmaceda enfatiz\u00f3 que los derechos humanos no son una construcci\u00f3n ni privilegios o regalos de la ley.<\/p><\/div>\n<p>&nbsp;<\/p>\n<p>El Poder Judicial de la Ciudad de M\u00e9xico (PJCDMX) no ha escatimado esfuerzos encaminados a lograr la igualdad para los justiciables, afirm\u00f3, en representaci\u00f3n del \u00f3rgano judicial capitalino, magistrado Rafael Guerra \u00c1lvarez, la directora ejecutiva de Orientaci\u00f3n Ciudadana y Derechos Humanos, Yolanda Rangel Balmaceda, quien enfatiz\u00f3 que este a\u00f1o se ampli\u00f3 la conformaci\u00f3n de nueve juzgados en materia de tutela de derechos humanos, establecidos en la Constituci\u00f3n local.<\/p>\n<p>En la conmemoraci\u00f3n del D\u00eda Internacional de Derechos Humanos, y en el marco del colof\u00f3n de una jornada de 16 d\u00edas de activismo dentro del PJCDMX contra la violencia hacia la mujer, subray\u00f3 que esa ampliaci\u00f3n se logr\u00f3 a trav\u00e9s de juzgados en materia civil de proceso escrito y familiar para actuar de manera bifuncional, y as\u00ed conocer tanto de asuntos de su materia como de tutela de derechos humanos.<\/p>\n<p>En un video mensaje, subray\u00f3 que los derechos humanos no son una construcci\u00f3n ni privilegios o regalos de la ley, pues su goce es inherente a la persona por el simple hecho de su condici\u00f3n humana.<\/p>\n<p>Con la presencia de la Oficina del Alto Comisionado de las Naciones Unidas para los Derechos Humanos, Mila Paspalanova; de la directora general de la Primera Visitadur\u00eda General de la Comisi\u00f3n Nacional de los Derechos Humanos, Claudia Franco Mart\u00ednez, y del director general de la Instancia Ejecutora del Sistema Integral de Derechos Humanos de la Ciudad de M\u00e9xico, Aar\u00f3n Gardu\u00f1o Jim\u00e9nez, dijo que, igualmente, se edit\u00f3 el <em>Cat\u00e1logo de derechos humanos del Poder Judicial<\/em> de la Ciudad de M\u00e9xico, para reforzar los conocimientos adquiridos por los jueces en materia de tutela, el cual sirve, adem\u00e1s, como herramienta de an\u00e1lisis y argumentaci\u00f3n en la procedencia y acci\u00f3n efectiva ante violaci\u00f3n de derechos.<\/p>\n<p>\u201cSomos el primer Tribunal en el mundo en recibir y adoptar los <em>Principios M\u00e9ndez<\/em>, como herramienta en la prevenci\u00f3n de la tortura, ya que reemplaza la actual cultura de interrogaci\u00f3n coercitiva por una basada en la creaci\u00f3n de confianza mediante entrevistas efectivas para la investigaci\u00f3n y recopilaci\u00f3n de la informaci\u00f3n\u201d, destac\u00f3 al enumerar las acciones del PJCDMX en materia de derechos humanos.<\/p>\n<p>A su vez, Mila Paspalanova hizo un recuento desde 2008 del trabajo que se ha hecho en la instancia a su cargo con el PJCDMX; \u201cempezamos desde cero, pero de 2009 hasta ahorita, diciembre de 2022, el avance en la construcci\u00f3n de informaci\u00f3n estad\u00edstica ha sido extraordinario, actualmente la instituci\u00f3n est\u00e1 registrando miles de variables, todas las cuales se pueden utilizar para generar indicadores con perspectiva de derechos humanos\u201d, destac\u00f3.<\/p>\n<p>En tanto, Franco Mart\u00ednez hizo un recuento de las funciones de la comisi\u00f3n, e inform\u00f3 que, desde el inicio de la presente gesti\u00f3n y hasta agosto pasado, se emitieron 457 recomendaciones, es decir, m\u00e1s del total emitido en los cinco a\u00f1os de la administraci\u00f3n anterior.<\/p>\n<p>Por su parte, Gardu\u00f1o Jim\u00e9nez afirm\u00f3 que la capital del pa\u00eds es en una ciudad de derechos, en la que paulatinamente ha ido evolucionando la forma en c\u00f3mo se concibe la pol\u00edtica p\u00fablica en la materia, y subray\u00f3 el trabajo entre instancias p\u00fablicas, sociedad civil y la academia para mejorarla, a fin de asegurar que, al final, el titular de los derechos pueda disfrutar de ellos.<\/p>\n<p>As\u00ed, el PJCDMX culmin\u00f3 una serie de actividades, entre conferencias, difusi\u00f3n de campa\u00f1as en redes con temas para visibilizar la violencia contra la mujer, conversatorios y an\u00e1lisis de obras de derechos humanos, en el marco de su Programa de Derechos Humanos y G\u00e9nero 2022, que tambi\u00e9n incluy\u00f3 la difusi\u00f3n por redes sociales institucionales de cortometrajes.<\/p>\n<p>A partir del 22 de noviembre, entre los temas que se difundieron est\u00e1n: violencia y desigualdad laboral en M\u00e9xico, la violencia digital, aprender a reconocer la violencia, medidas de protecci\u00f3n, an\u00e1lisis del contexto jur\u00eddico de casos en materia de discapacidad, y se analizaron y difundieron obras como el <em>Prontuario de Lenguaje Incluyente<\/em> y el <em>Protocolo Anal\u00edtico para Juzgar con Enfoque de G\u00e9nero.<\/em><\/p>\n<p>Dentro de las jornadas de activismo emprendidas por el \u00f3rgano judicial capitalino, se llev\u00f3 a cabo, adem\u00e1s, la conmemoraci\u00f3n del D\u00eda Internacional de los Derechos de las Personas con Discapacidad, durante la que se subray\u00f3 la necesidad de no dejar de visibilizar a ese sector de la poblaci\u00f3n, a fin de garantizarles todos sus derechos.<\/p>\n<p>Las jornadas contaron con la participaci\u00f3n de consejeras y consejeros de la Judicatura, magistradas y magistrados, juezas y jueces, servidores p\u00fablicos de otras esferas de gobierno, y acad\u00e9micos especialistas en derechos humanos y p\u00fablico en general.<\/p>\n","protected":false},"excerpt":{"rendered":"<p>El Poder Judicial de la Ciudad de M\u00e9xico (PJCDMX) no ha escatimado esfuerzos encaminados a lograr la igualdad para los justiciables, afirm\u00f3, en representaci\u00f3n del \u00f3rgano judicial capitalino, magistrado Rafael Guerra \u00c1lvarez, la directora ejecutiva de Orientaci\u00f3n Ciudadana y Derechos Humanos, Yolanda Rangel Balmaceda, quien enfatiz\u00f3 que este a\u00f1o se ampli\u00f3 la conformaci\u00f3n de nueve juzgados en materia de tutela de derechos humanos, establecidos en la Constituci\u00f3n local.<\/p>\n","protected":false},"author":3,"featured_media":569562,"comment_status":"open","ping_status":"open","sticky":false,"template":"","format":"standard","meta":{"_monsterinsights_skip_tracking":false,"_monsterinsights_sitenote_active":false,"_monsterinsights_sitenote_note":"","_monsterinsights_sitenote_category":0,"footnotes":""},"categories":[6],"tags":[87379,87380,91684],"class_list":["post-569507","post","type-post","status-publish","format-standard","has-post-thumbnail","hentry","category-cd-de-mexico","tag-pjcdmx","tag-poder-judicial-de-la-ciudad-de-mexico","tag-tutela"],"_links":{"self":[{"href":"https:\/\/www.diarioimagen.net\/index.php?rest_route=\/wp\/v2\/posts\/569507","targetHints":{"allow":["GET"]}}],"collection":[{"href":"https:\/\/www.diarioimagen.net\/index.php?rest_route=\/wp\/v2\/posts"}],"about":[{"href":"https:\/\/www.diarioimagen.net\/index.php?rest_route=\/wp\/v2\/types\/post"}],"author":[{"embeddable":true,"href":"https:\/\/www.diarioimagen.net\/index.php?rest_route=\/wp\/v2\/users\/3"}],"replies":[{"embeddable":true,"href":"https:\/\/www.diarioimagen.net\/index.php?rest_route=%2Fwp%2Fv2%2Fcomments&post=569507"}],"version-history":[{"count":0,"href":"https:\/\/www.diarioimagen.net\/index.php?rest_route=\/wp\/v2\/posts\/569507\/revisions"}],"wp:featuredmedia":[{"embeddable":true,"href":"https:\/\/www.diarioimagen.net\/index.php?rest_route=\/wp\/v2\/media\/569562"}],"wp:attachment":[{"href":"https:\/\/www.diarioimagen.net\/index.php?rest_route=%2Fwp%2Fv2%2Fmedia&parent=569507"}],"wp:term":[{"taxonomy":"category","embeddable":true,"href":"https:\/\/www.diarioimagen.net\/index.php?rest_route=%2Fwp%2Fv2%2Fcategories&post=569507"},{"taxonomy":"post_tag","embeddable":true,"href":"https:\/\/www.diarioimagen.net\/index.php?rest_route=%2Fwp%2Fv2%2Ftags&post=569507"}],"curies":[{"name":"wp","href":"https:\/\/api.w.org\/{rel}","templated":true}]}}