{"id":569512,"date":"2022-12-20T00:06:46","date_gmt":"2022-12-20T06:06:46","guid":{"rendered":"https:\/\/www.diarioimagen.net\/?p=569512"},"modified":"2022-12-21T04:13:19","modified_gmt":"2022-12-21T10:13:19","slug":"licenciaturas-de-facultad-de-ciencias-politicas-y-sociales-en-primer-lugar-entre-las-de-ciencias-sociales","status":"publish","type":"post","link":"https:\/\/www.diarioimagen.net\/?p=569512","title":{"rendered":"Licenciaturas de Facultad de Ciencias Pol\u00edticas y Sociales, en primer lugar entre las de ciencias sociales"},"content":{"rendered":"<p><em>\u00a0<\/em><\/p>\n<ul>\n<li><strong><em>El rector Carlos Eduardo Barrera D\u00edaz encabez\u00f3 el primer informe de actividades de la directora de la Facultad de Ciencias Pol\u00edticas y Sociales, Laura Elizabeth Benhumea Gonz\u00e1lez<\/em><\/strong><\/li>\n<\/ul>\n<p><strong>\u00a0<\/strong><\/p>\n<div id=\"attachment_569556\" style=\"width: 470px\" class=\"wp-caption aligncenter\"><a href=\"https:\/\/www.diarioimagen.net\/?attachment_id=569556\" rel=\"attachment wp-att-569556\"><img loading=\"lazy\" decoding=\"async\" aria-describedby=\"caption-attachment-569556\" class=\"size-full wp-image-569556\" src=\"https:\/\/www.diarioimagen.net\/wp-content\/uploads\/2022\/12\/uaem-licenciatura.jpg\" alt=\"\" width=\"460\" height=\"270\" \/><\/a><p id=\"caption-attachment-569556\" class=\"wp-caption-text\">En conjunto con el Consejo Mexiquense de Ciencia y Tecnolog\u00eda (COMECyT) se crear\u00e1 el Laboratorio Estatal de Pol\u00edticas P\u00fablicas para el Desarrollo Sostenible.<\/p><\/div>\n<p>&nbsp;<\/p>\n<p><strong>Toluca, Estado de M\u00e9xico.\u2014 <\/strong>El conocimiento de las ciencias pol\u00edticas y sociales, al igual que su aplicaci\u00f3n en las instituciones y la sociedad civil, son fundamentales para entender las diversas sociedades a nivel mundial, afirm\u00f3 el rector de la Universidad Aut\u00f3noma del Estado de M\u00e9xico (UAEM\u00e9x), Carlos Eduardo Barrera D\u00edaz, al encabezar el primer informe de actividades de la directora de la Facultad de Ciencias Pol\u00edticas y Sociales, Laura Elizabeth Benhumea Gonz\u00e1lez.<\/p>\n<p>Ante los miembros de los consejos acad\u00e9mico y de gobierno, integrantes del gabinete universitario, ex directores, invitados especiales,\u00a0 as\u00ed como estudiantes, catedr\u00e1ticos y trabajadores administrativos de esta facultad, Barrera D\u00edaz apunt\u00f3 que la UAEM\u00e9x, en conjunto con el Consejo Mexiquense de Ciencia y Tecnolog\u00eda (COMECyT), tiene como objetivo implementar el Laboratorio Estatal de Pol\u00edticas P\u00fablicas para el Desarrollo Sostenible, con el prop\u00f3sito de diagnosticar y proponer distintos modelos te\u00f3ricos y metodol\u00f3gicos para la formulaci\u00f3n de pol\u00edticas p\u00fablicas.<\/p>\n<p>\u201cEl objetivo es la creaci\u00f3n de un laboratorio de pol\u00edticas p\u00fablicas para la planeaci\u00f3n del desarrollo sostenible, que permita la formulaci\u00f3n de pol\u00edticas p\u00fablicas en el \u00e1mbito local y proveer de herramientas gerenciales a los gobiernos municipales, como un instrumento de gesti\u00f3n\u201d, enfatiz\u00f3.<\/p>\n<p>Abund\u00f3 que durante este primer a\u00f1o de gesti\u00f3n los programas de estudios en Ciencias Pol\u00edticas y Administraci\u00f3n P\u00fablica, Comunicaci\u00f3n y Sociolog\u00eda se encuentran en el primer lugar entre las licenciaturas de ciencias sociales, lo cual ubica a la M\u00e1xima Casa de Estudios mexiquense dentro del top 5 de las mejores universidades p\u00fablicas estatales, de acuerdo con el con el World University Rankings 2023 by Subject del Times Higher Education.<\/p>\n<p>Adem\u00e1s, la revista <em>Convergencia<\/em> -editada en esta facultad- fue evaluada y catalogada como revista de competencia internacional por el sistema de clasificaci\u00f3n de revistas mexicanas de ciencia y tecnolog\u00eda y fue clasificada como Q3 en el journal citation reports y en el scimago journal rank.<\/p>\n<p>Previo a la rendici\u00f3n del informe, Barrera D\u00edaz, en compa\u00f1\u00eda de miembros del gabinete universitario, y derivado del esfuerzo financiero y administrativo, entreg\u00f3 la renovaci\u00f3n de equipos de c\u00f3mputo de la Sala de Dise\u00f1o Editorial de este espacio acad\u00e9mico, que consisti\u00f3 en 30 computadoras tipo \u201cAll in One\u201d de alto procesamiento.<\/p>\n<p>Por su parte, Laura Elizabeth Benhumea Gonz\u00e1lez destac\u00f3 que, con el objetivo de formar profesionales responsables socialmente, 100 por ciento de la matr\u00edcula de posgrado se encuentra cursando estudios acreditados por el Sistema Nacional de Posgrados, reconocidos por su calidad acad\u00e9mica.<\/p>\n<p>Durante el periodo que se informa, conscientes de la importancia y trascendencia que la investigaci\u00f3n en este espacio acad\u00e9mico, 70.6 por ciento de los profesores de tiempo completo cuentan con perfil deseable PRODEP y 39 por ciento pertenecen al Sistema Nacional de Investigadores (SNI).<\/p>\n<p>Adem\u00e1s de motivar el trabajo colegiado entre docentes de la facultad y otros espacios de la Aut\u00f3noma mexiquense y universidades nacionales e internacionales, se han generado redes acad\u00e9micas, seis nacionales y cuatro internacionales, en donde participan 44 profesores de tiempo completo.<\/p>\n<p>Finalmente, la directora apunt\u00f3 que la Facultad de Ciencias Pol\u00edticas y Sociales es un espacio de m\u00faltiples expresiones y oportunidades. Por ello, los logros y retos durante este primer a\u00f1o de gesti\u00f3n son el resultado del estudiantado, con su entusiasmo e iniciativa; el personal administrativo, con su compromiso y solidaridad, y el personal acad\u00e9mico, con su empe\u00f1o responsable y capacidades puestas al servicio de las labores universitarias.<\/p>\n","protected":false},"excerpt":{"rendered":"<p>El conocimiento de las ciencias pol\u00edticas y sociales, al igual que su aplicaci\u00f3n en las instituciones y la sociedad civil, son fundamentales para entender las diversas sociedades a nivel mundial, afirm\u00f3 el rector de la Universidad Aut\u00f3noma del Estado de M\u00e9xico (UAEM\u00e9x), Carlos Eduardo Barrera D\u00edaz, al encabezar el primer informe de actividades de la directora de la Facultad de Ciencias Pol\u00edticas y Sociales, Laura Elizabeth Benhumea Gonz\u00e1lez.<\/p>\n","protected":false},"author":3,"featured_media":569556,"comment_status":"open","ping_status":"open","sticky":false,"template":"","format":"standard","meta":{"_monsterinsights_skip_tracking":false,"_monsterinsights_sitenote_active":false,"_monsterinsights_sitenote_note":"","_monsterinsights_sitenote_category":0,"footnotes":""},"categories":[5],"tags":[97057,772],"class_list":["post-569512","post","type-post","status-publish","format-standard","has-post-thumbnail","hentry","category-estado-de-mexico","tag-ciencias-sociales","tag-comecyt"],"_links":{"self":[{"href":"https:\/\/www.diarioimagen.net\/index.php?rest_route=\/wp\/v2\/posts\/569512","targetHints":{"allow":["GET"]}}],"collection":[{"href":"https:\/\/www.diarioimagen.net\/index.php?rest_route=\/wp\/v2\/posts"}],"about":[{"href":"https:\/\/www.diarioimagen.net\/index.php?rest_route=\/wp\/v2\/types\/post"}],"author":[{"embeddable":true,"href":"https:\/\/www.diarioimagen.net\/index.php?rest_route=\/wp\/v2\/users\/3"}],"replies":[{"embeddable":true,"href":"https:\/\/www.diarioimagen.net\/index.php?rest_route=%2Fwp%2Fv2%2Fcomments&post=569512"}],"version-history":[{"count":0,"href":"https:\/\/www.diarioimagen.net\/index.php?rest_route=\/wp\/v2\/posts\/569512\/revisions"}],"wp:featuredmedia":[{"embeddable":true,"href":"https:\/\/www.diarioimagen.net\/index.php?rest_route=\/wp\/v2\/media\/569556"}],"wp:attachment":[{"href":"https:\/\/www.diarioimagen.net\/index.php?rest_route=%2Fwp%2Fv2%2Fmedia&parent=569512"}],"wp:term":[{"taxonomy":"category","embeddable":true,"href":"https:\/\/www.diarioimagen.net\/index.php?rest_route=%2Fwp%2Fv2%2Fcategories&post=569512"},{"taxonomy":"post_tag","embeddable":true,"href":"https:\/\/www.diarioimagen.net\/index.php?rest_route=%2Fwp%2Fv2%2Ftags&post=569512"}],"curies":[{"name":"wp","href":"https:\/\/api.w.org\/{rel}","templated":true}]}}