{"id":569535,"date":"2022-12-20T00:03:28","date_gmt":"2022-12-20T06:03:28","guid":{"rendered":"https:\/\/www.diarioimagen.net\/?p=569535"},"modified":"2022-12-20T01:50:30","modified_gmt":"2022-12-20T07:50:30","slug":"unidad-priista-mexiquense-aja","status":"publish","type":"post","link":"https:\/\/www.diarioimagen.net\/?p=569535","title":{"rendered":"\u00bfUnidad pri\u00edsta mexiquense?, aj\u00e1"},"content":{"rendered":"<h2>Espacio Electoral<\/h2>\n<h5>Eleazar Flores<\/h5>\n<p>&nbsp;<\/p>\n<p><strong>\u00bfY LOS EX?-.<\/strong> En el acto de asunci\u00f3n de Ana Lilia Herrera como nueva delegada del Comit\u00e9 Ejecutivo Nacional del PRI en su estado, faltaron cuatro ex gobernadores, Alfredo Baranda, Emilio Chuayffet, C\u00e9sar Camacho y Eruviel \u00c1vila, \u00bfesto es unidad tricolor?, lo dudo, lo dudo, lo dudo, como dice el bolero.<\/p>\n<p>Es m\u00e1s, el \u00fanico ex gobernador asistente fue quien el pueblo sabio lo cataloga como padrino pol\u00edtico de la ascendida, Arturo Montiel, que contra lo que muchos medios \u201centerados\u201d dicen, se ha balconeado en otros eventos, los informes municipales de Metepec y su natal Atlacomulco.<\/p>\n<p>Jorge Rojo Garc\u00eda de Alba, delegado del CEN tricolor en el estado de entre tres y cuatro a\u00f1os, estuvo a la altura de las circunstancias del tricolor, o sea pas\u00f3 casi desapercibido. Ahora a su sucesora Ana Lilia Herrera Anzaldo se supone que le acercar\u00e1n reflectores para sentirse el cambio, adem\u00e1s de haber pasado ya por el \u00e1rea de medios de comunicaci\u00f3n del gobierno estatal.<\/p>\n<p><strong>DETALLES-.<\/strong> Sin falsas modestias y como acucioso que es, usted debe tener muy presente lo que antes que en cualquier otro medio le adelantamos, sin tanta ostentaci\u00f3n, pero con una precisi\u00f3n casi de Rolex o cuando menos de Timex, respecto al proceso electoral mexiquense, primero a nivel interno de los partidos y segundo, lo que en el Estado de M\u00e9xico sigue llamando la atenci\u00f3n. Es el priista.<\/p>\n<p>Lo de Morena fue desde siempre un secreto a voces pues el destapador mayor afortunadamente la sac\u00f3 de la SEP para buscar por segunda ocasi\u00f3n la candidatura y la gubernatura mexiquense.<\/p>\n<p>Lo de la alianza PAN,PRI y PRD tambi\u00e9n se la anticipamos, con la declinaci\u00f3n del panista Enrique Vargas a quien se le dar\u00e1 una candidatura plurinominal al Senado de la rep\u00fablica, consecuencia de su fuerte inversi\u00f3n medi\u00e1tica para hacerse sentir, sabedor que jam\u00e1s llegar\u00eda a su objetivo.<\/p>\n<p><strong>ANA LILIA-.<\/strong> Tambi\u00e9n le anticip\u00e9 el mejor posicionamiento que la ex alcaldesa y actual diputada federal Ana Lilia Herrera Anzaldo ten\u00eda en las encuestas, en relaci\u00f3n a la protegida de Enrique Pe\u00f1a Alejandra Del Moral, conclusi\u00f3n que literalmente \u201capechugaron\u201d las bases, sabedoras que la consulta a la c\u00fapula ten\u00eda \u201cotros datos\u201d.<\/p>\n<p>En el acto protocolario del pasado fin de semana hubo dos hechos inexplicables, Ana Lilia no hizo uso de la palabra, s\u00f3lo rindi\u00f3 protesta\u2026 por cierto con el aval del presidente del CEN del PRI Alejandro Moreno C\u00e1rdenas, quien casi aturde con su pronunciamientos de siempre, en el sentido de que ganar\u00e1n en 2023 las dos gubernaturas en disputa, en Coahuila y el Edomex.<\/p>\n<p>La presencia en el evento de los dirigentes estatales de PAN y PRD fue para confirmar la futura alianza, en el pr\u00f3ximo enero, al tiempo.<\/p>\n<p><em><a href=\"mailto:elefa44@gmail.com\" target=\"_blank\" rel=\"noopener noreferrer\">lefa44@gmail.com<\/a><\/em><\/p>\n","protected":false},"excerpt":{"rendered":"<p><span style=\"color: #005497;\"><strong>Eleazar Flores<\/strong><\/span><\/p>\n","protected":false},"author":3,"featured_media":0,"comment_status":"open","ping_status":"open","sticky":false,"template":"","format":"standard","meta":{"_monsterinsights_skip_tracking":false,"_monsterinsights_sitenote_active":false,"_monsterinsights_sitenote_note":"","_monsterinsights_sitenote_category":0,"footnotes":""},"categories":[81743],"tags":[81744,81776,43674],"class_list":["post-569535","post","type-post","status-publish","format-standard","hentry","category-eleazar-flores","tag-eleazar-flores","tag-espacio-electoral","tag-opinion"],"_links":{"self":[{"href":"https:\/\/www.diarioimagen.net\/index.php?rest_route=\/wp\/v2\/posts\/569535","targetHints":{"allow":["GET"]}}],"collection":[{"href":"https:\/\/www.diarioimagen.net\/index.php?rest_route=\/wp\/v2\/posts"}],"about":[{"href":"https:\/\/www.diarioimagen.net\/index.php?rest_route=\/wp\/v2\/types\/post"}],"author":[{"embeddable":true,"href":"https:\/\/www.diarioimagen.net\/index.php?rest_route=\/wp\/v2\/users\/3"}],"replies":[{"embeddable":true,"href":"https:\/\/www.diarioimagen.net\/index.php?rest_route=%2Fwp%2Fv2%2Fcomments&post=569535"}],"version-history":[{"count":0,"href":"https:\/\/www.diarioimagen.net\/index.php?rest_route=\/wp\/v2\/posts\/569535\/revisions"}],"wp:attachment":[{"href":"https:\/\/www.diarioimagen.net\/index.php?rest_route=%2Fwp%2Fv2%2Fmedia&parent=569535"}],"wp:term":[{"taxonomy":"category","embeddable":true,"href":"https:\/\/www.diarioimagen.net\/index.php?rest_route=%2Fwp%2Fv2%2Fcategories&post=569535"},{"taxonomy":"post_tag","embeddable":true,"href":"https:\/\/www.diarioimagen.net\/index.php?rest_route=%2Fwp%2Fv2%2Ftags&post=569535"}],"curies":[{"name":"wp","href":"https:\/\/api.w.org\/{rel}","templated":true}]}}