{"id":569615,"date":"2022-12-21T00:01:44","date_gmt":"2022-12-21T06:01:44","guid":{"rendered":"https:\/\/www.diarioimagen.net\/?p=569615"},"modified":"2022-12-21T23:31:35","modified_gmt":"2022-12-22T05:31:35","slug":"abrira-en-febrero-primer-tramo-rehabilitado-de-la-linea-1-del-metro","status":"publish","type":"post","link":"https:\/\/www.diarioimagen.net\/?p=569615","title":{"rendered":"Abrir\u00e1 en febrero primer tramo rehabilitado de la L\u00ednea 1 del Metro"},"content":{"rendered":"<p>&nbsp;<\/p>\n<h3 style=\"text-align: center;\">Se adelantar\u00e1 un mes la entrega<\/h3>\n<p><em>\u00a0<\/em><\/p>\n<ul>\n<li><strong><em>Los trabajos de la parte complementaria deben concluir en agosto del pr\u00f3ximo a\u00f1o<\/em><\/strong><\/li>\n<\/ul>\n<p>&nbsp;<\/p>\n<div id=\"attachment_569678\" style=\"width: 470px\" class=\"wp-caption aligncenter\"><a href=\"https:\/\/www.diarioimagen.net\/?attachment_id=569678\" rel=\"attachment wp-att-569678\"><img loading=\"lazy\" decoding=\"async\" aria-describedby=\"caption-attachment-569678\" class=\"size-full wp-image-569678\" src=\"https:\/\/www.diarioimagen.net\/wp-content\/uploads\/2022\/12\/LINEA-1-DELMETRO.jpg\" alt=\"\" width=\"460\" height=\"270\" \/><\/a><p id=\"caption-attachment-569678\" class=\"wp-caption-text\">Los 29 nuevos trenes que brindar\u00e1n servicio en la L\u00ednea 1 del Metro tendr\u00e1n capacidad para trasladar a 35 por ciento m\u00e1s usuarios.<\/p><\/div>\n<p>&nbsp;<\/p>\n<p>A finales de febrero ser\u00e1 abierta la primera fase de la remodelaci\u00f3n de la L\u00ednea 1 del Metro y en la direcci\u00f3n que corre de la estaci\u00f3n Pantitl\u00e1n a Isabel la Cat\u00f3lica, anticip\u00f3 Claudia Sheinbaum Pardo, jefa de Gobierno de la Ciudad de M\u00e9xico.<\/p>\n<p>\u201cVamos a ponerla en marcha hacia finales, esta primera etapa, hacia finales de febrero\u201d, dijo la mandataria capitalina en conferencia de prensa.<\/p>\n<p>\u201cYa se vac\u00edo todo, se arregl\u00f3 ya pr\u00e1cticamente todo el caj\u00f3n del Metro, ya tiene nuevos durmientes, nuevas v\u00edas, nuevo balasto, que son las piedritas que llevan, ya se est\u00e1 instalando la nueva pista de rodamiento y se adquirieron 29 trenes nuevos\u201d, enfatiz\u00f3.<\/p>\n<p>Hace unos meses, el gobierno capitalino anunci\u00f3 una intervenci\u00f3n general en la primera l\u00ednea del Metro, luego de 53 a\u00f1os de servicio y que a diario transporta a m\u00e1s de medio mill\u00f3n de pasajeros.<\/p>\n<p>De acuerdo con las autoridades capitalinas, los trabajos de remodelaci\u00f3n abarcar\u00eda 8 meses y se estimaba que hacia finales de marzo del pr\u00f3ximo a\u00f1o estos concluyeran para dar paso a la intervenci\u00f3n del segundo tramo que correr\u00eda de Balderas hacia Observatorio. Los trabajos de este corredor deben concluir en agosto del pr\u00f3ximo a\u00f1o.<\/p>\n<p>De acuerdo con las autoridades, los 29 nuevos trenes que brindar\u00e1n servicio en la L\u00ednea 1 del Metro tendr\u00e1n capacidad para trasladar a 35 por ciento m\u00e1s usuarios, gracias a que contar\u00e1n con nueve vagones y una longitud de 150 metros, por 2.5 metros de frente y 3.60 metros de altura.<\/p>\n<p style=\"text-align: center;\"><strong>Dise\u00f1o basado en los usuarios<\/strong><\/p>\n<p>Caracter\u00edsticas que tendr\u00e1n los nuevos trenes de la L\u00ednea 1 del Metro:<\/p>\n<ul>\n<li>Sistema de control y seguimiento de \u00faltima tecnolog\u00eda para pilotaje autom\u00e1tico.<\/li>\n<li>Capacidad para 2 mil 200 usuarios. Los trenes que brindaban servicio antes del cierre de la L\u00ednea 1 del Metro ten\u00edan capacidad de mil 800.<\/li>\n<li>9 vagones por tren.<\/li>\n<li>Ahorro de 25 por ciento m\u00e1s de energ\u00eda en comparaci\u00f3n con los trenes anteriores.<\/li>\n<li>Est\u00e1n hechos de aluminio m\u00e1s ligero.<\/li>\n<li>Recuperaci\u00f3n de energ\u00eda en el frenado.<\/li>\n<li>8 c\u00e1maras de vigilancia en cada vag\u00f3n, es decir, 72 por tren.<\/li>\n<li>Las pantallas informar\u00e1n sobre la pr\u00f3xima estaci\u00f3n y horario de llegada.<\/li>\n<li>Fibra \u00f3ptica de internet para mejorar la red wi-fi de usuarios.<\/li>\n<li>Espacios para personas con discapacidad.<\/li>\n<\/ul>\n<p>Se explic\u00f3 que un tren llegar\u00e1 a una estaci\u00f3n en un lapso de entre 90 y 100 segundos, con lo cual buscar\u00e1n reducir la aglomeraci\u00f3n de pasajeros.<\/p>\n<p>Adem\u00e1s, cada convoy contar\u00e1 con una c\u00e1mara especial que permitir\u00e1 que el conductor se percate con anticipaci\u00f3n si una persona cay\u00f3 a las v\u00edas.<\/p>\n<p>Los trenes que brindan servicio en la L\u00ednea 1 ser\u00e1n distribuidos a otras L\u00edneas.<\/p>\n","protected":false},"excerpt":{"rendered":"<p>A finales de febrero ser\u00e1 abierta la primera fase de la remodelaci\u00f3n de la L\u00ednea 1 del Metro y en la direcci\u00f3n que corre de la estaci\u00f3n Pantitl\u00e1n a Isabel la Cat\u00f3lica, anticip\u00f3 Claudia Sheinbaum Pardo, jefa de Gobierno de la Ciudad de M\u00e9xico.<\/p>\n","protected":false},"author":3,"featured_media":569678,"comment_status":"open","ping_status":"open","sticky":false,"template":"","format":"standard","meta":{"_monsterinsights_skip_tracking":false,"_monsterinsights_sitenote_active":false,"_monsterinsights_sitenote_note":"","_monsterinsights_sitenote_category":0,"footnotes":""},"categories":[6],"tags":[47438,163],"class_list":["post-569615","post","type-post","status-publish","format-standard","has-post-thumbnail","hentry","category-cd-de-mexico","tag-linea-1","tag-metro"],"_links":{"self":[{"href":"https:\/\/www.diarioimagen.net\/index.php?rest_route=\/wp\/v2\/posts\/569615","targetHints":{"allow":["GET"]}}],"collection":[{"href":"https:\/\/www.diarioimagen.net\/index.php?rest_route=\/wp\/v2\/posts"}],"about":[{"href":"https:\/\/www.diarioimagen.net\/index.php?rest_route=\/wp\/v2\/types\/post"}],"author":[{"embeddable":true,"href":"https:\/\/www.diarioimagen.net\/index.php?rest_route=\/wp\/v2\/users\/3"}],"replies":[{"embeddable":true,"href":"https:\/\/www.diarioimagen.net\/index.php?rest_route=%2Fwp%2Fv2%2Fcomments&post=569615"}],"version-history":[{"count":0,"href":"https:\/\/www.diarioimagen.net\/index.php?rest_route=\/wp\/v2\/posts\/569615\/revisions"}],"wp:featuredmedia":[{"embeddable":true,"href":"https:\/\/www.diarioimagen.net\/index.php?rest_route=\/wp\/v2\/media\/569678"}],"wp:attachment":[{"href":"https:\/\/www.diarioimagen.net\/index.php?rest_route=%2Fwp%2Fv2%2Fmedia&parent=569615"}],"wp:term":[{"taxonomy":"category","embeddable":true,"href":"https:\/\/www.diarioimagen.net\/index.php?rest_route=%2Fwp%2Fv2%2Fcategories&post=569615"},{"taxonomy":"post_tag","embeddable":true,"href":"https:\/\/www.diarioimagen.net\/index.php?rest_route=%2Fwp%2Fv2%2Ftags&post=569615"}],"curies":[{"name":"wp","href":"https:\/\/api.w.org\/{rel}","templated":true}]}}