{"id":569617,"date":"2022-12-21T00:01:22","date_gmt":"2022-12-21T06:01:22","guid":{"rendered":"https:\/\/www.diarioimagen.net\/?p=569617"},"modified":"2022-12-22T01:27:04","modified_gmt":"2022-12-22T07:27:04","slug":"prohibida-la-exhibicion-de-cigarros-en-tiendas-a-partir-del-15-de-enero","status":"publish","type":"post","link":"https:\/\/www.diarioimagen.net\/?p=569617","title":{"rendered":"Prohibida la exhibici\u00f3n de cigarros en tiendas, a partir del 15 de enero"},"content":{"rendered":"<p>&nbsp;<\/p>\n<ul>\n<li><strong><em>La venta ser\u00e1 s\u00f3lo a trav\u00e9s de un listado<\/em><\/strong><\/li>\n<\/ul>\n<p>&nbsp;<\/p>\n<div id=\"attachment_569688\" style=\"width: 470px\" class=\"wp-caption aligncenter\"><a href=\"https:\/\/www.diarioimagen.net\/?attachment_id=569688\" rel=\"attachment wp-att-569688\"><img loading=\"lazy\" decoding=\"async\" aria-describedby=\"caption-attachment-569688\" class=\"size-full wp-image-569688\" src=\"https:\/\/www.diarioimagen.net\/wp-content\/uploads\/2022\/12\/PROHIBIDO-EXHIBIR-CIGARROS.jpg\" alt=\"\" width=\"460\" height=\"270\" \/><\/a><p id=\"caption-attachment-569688\" class=\"wp-caption-text\">Desde el 15 de enero, la venta de cigarros en tiendas del pa\u00eds ser\u00e1 solo \u201ca trav\u00e9s de una lista textual y escrita de estos productos con sus precios, sin logotipos, sellos o marcas\u201d.<\/p><\/div>\n<p>&nbsp;<\/p>\n<p>Quedar\u00e1 prohibida toda exhibici\u00f3n de cigarros en las tiendas del pa\u00eds, as\u00ed como su publicidad a partir del 15 de enero, de acuerdo publicado en el <em>Diario Oficial de la Federaci\u00f3n<\/em> (DOF) que reforma el Reglamento de la Ley General para el Control del Tabaco , acorde con la nueva ley, aprobada por el Congreso en febrero de 2022, pero que requer\u00eda de estas normas para hacerla aplicable.<\/p>\n<p>El Reglamento establece que la publicidad y difusi\u00f3n de productos de tabaco estar\u00e1 prohibida por cualquier canal y en sus modalidades directa o indirecta.<\/p>\n<p>Detalla que no estar\u00e1 permitida, no s\u00f3lo en los medios comunes (radio y televisi\u00f3n) sino incluso v\u00eda internet, redes sociales, en reuniones y comunicaciones personales, mensajes enviados por correo postal o electr\u00f3nico, en productos utilitarios o bienes muebles (vasos, botellas, sillas, mesa) e incluso en videojuegos, juguetes, golosinas o alimentos con mensajes o forma de cigarro.<\/p>\n<p>El \u00fanico mecanismo por el cual podr\u00e1 realizarse la comercializaci\u00f3n de los productos de tabaco ser\u00e1 \u201ca trav\u00e9s de una lista textual y escrita de estos productos con sus precios, sin logotipos, sellos o marcas\u201d, y esa lista de comercializaci\u00f3n deber\u00e1 cumplir con los requisitos y caracter\u00edsticas que establezca la Secretar\u00eda de Salud.<\/p>\n<p>El reglamento establece adem\u00e1s c\u00f3mo deber\u00e1n ser las zonas para fumadores en establecimientos (restaurantes u hoteles): En estos espacios \u201cest\u00e1 prohibido brindar la prestaci\u00f3n de cualquier servicio o consumo de alimentos, bebidas o entretenimiento, entre otros, as\u00ed como llevar a cabo actividades sociales o de esparcimiento\u201d.<\/p>\n<p>Adem\u00e1s, tienen que cumplir con ciertos requisitos: \u201cestar f\u00edsicamente separadas e incomunicadas\u201d de los espacios 100% libres de humo de tabaco y emisiones; no ser paso de acceso o salida de los inmuebles y encontrarse a \u201cal menos diez metros\u201d de estas.<\/p>\n<p>En todos los inmuebles, (oficinas, escuelas p\u00fablicas o privadas, centros recreativos, hoteles, restaurantes, cines) o veh\u00edculos de transporte se establece la responsabilidad de funcionarios p\u00fablicos a cargo, o bien propietarios, administradores, personal responsable o trabajadores, de garantizar que no haya personas que fumen en esos establecimientos. En caso contrario, se tendr\u00e1 que solicitar o exigir que se retiren.<\/p>\n<p>Si la persona fumadora o que expide emisiones opone resistencia, el propietario o personal deber\u00e1 \u201cnegarle el servicio y, en su caso, buscar la asistencia de la autoridad correspondiente\u201d.<\/p>\n<p>Las reformas legales y reglamentarias buscan que M\u00e9xico cumpla con el Convenio marco para el Control del Tabaco emitido por la Organizaci\u00f3n Mundial de la Salud y ratificado por el Senado.<\/p>\n<p style=\"text-align: center;\"><strong>Prohibici\u00f3n de exhibici\u00f3n de cigarros pega<br \/>\na m\u00e1s a 600 mil peque\u00f1os comercios: Anpec<\/strong><\/p>\n<p>El decreto que proh\u00edbe realizar toda forma de publicidad, promoci\u00f3n y patrocinio de los productos elaborados con tabaco, en forma directa o indirecta afectar\u00e1 a alrededor de 600 mil comerciantes, advirti\u00f3 Cuauht\u00e9moc Rivera, quien encabeza la Asociaci\u00f3n Nacional de Peque\u00f1os Comerciantes (Anpec).<\/p>\n<p>El presidente del organismo privado destac\u00f3 que la venta de estos productos representa m\u00e1s del 25 por ciento del ingreso mensual de las peque\u00f1as tiendas, que a su vez son generadoras de 2 millones de autoempleos.<\/p>\n<p>Asimismo, destac\u00f3 que con esta medida 5 millones de mexicanos que viven del peque\u00f1o comercio ver\u00e1n afectados sus ingresos.<\/p>\n<p>De acuerdo con el decreto del gobierno federal, la comercializaci\u00f3n de los productos de tabaco deber\u00e1 realizarse a trav\u00e9s de una lista textual y escrita de estos productos con sus precios, sin logotipos, sellos o marcas.<\/p>\n<p>\u201cLa Anpec manifiesta su rotundo rechazo a este decreto prohibicionista. Obligarnos a vender a escondidas nos hace blanco de actos de corrupci\u00f3n y extorsi\u00f3n, y pone en riesgo nuestra econom\u00eda y la integridad de nuestras familias\u201d, dijo Rivera.<\/p>\n<p>Asimismo destac\u00f3 que dicha medida es ilegal, inconstitucional e irracional. Adem\u00e1s, dijo, el car\u00e1cter prohibicionista del decreto provocar\u00e1 grandes p\u00e9rdidas en los peque\u00f1os comercios en un contexto de alta inflaci\u00f3n, disminuci\u00f3n del consumo y bajo crecimiento econ\u00f3mico.<\/p>\n<p>\u201cProhibir la exhibici\u00f3n de esos productos significar\u00e1n p\u00e9rdidas econ\u00f3micas que orillar\u00e1n a muchos de estos establecimientos a bajar la cortina. De esta actividad viven 5 millones de mexicanos y lo \u00fanico que provocar\u00e1 ser\u00e1n actos de corrupci\u00f3n por inspectores de bajo pelo y extorsi\u00f3n por las pandillas delincuentes de las barriadas\u201d, advirti\u00f3 el presidente de la Anpec.<\/p>\n","protected":false},"excerpt":{"rendered":"<p>Quedar\u00e1 prohibida toda exhibici\u00f3n de cigarros en las tiendas del pa\u00eds, as\u00ed como su publicidad a partir del 15 de enero, de acuerdo publicado en el Diario Oficial de la Federaci\u00f3n (DOF) que reforma el Reglamento de la Ley General para el Control del Tabaco , acorde con la nueva ley, aprobada por el Congreso en febrero de 2022, pero que requer\u00eda de estas normas para hacerla aplicable.<\/p>\n","protected":false},"author":3,"featured_media":569688,"comment_status":"open","ping_status":"open","sticky":false,"template":"","format":"standard","meta":{"_monsterinsights_skip_tracking":false,"_monsterinsights_sitenote_active":false,"_monsterinsights_sitenote_note":"","_monsterinsights_sitenote_category":0,"footnotes":""},"categories":[877],"tags":[97063,43692],"class_list":["post-569617","post","type-post","status-publish","format-standard","has-post-thumbnail","hentry","category-salud","tag-ley-general-para-el-control-del-tabaco","tag-salud"],"_links":{"self":[{"href":"https:\/\/www.diarioimagen.net\/index.php?rest_route=\/wp\/v2\/posts\/569617","targetHints":{"allow":["GET"]}}],"collection":[{"href":"https:\/\/www.diarioimagen.net\/index.php?rest_route=\/wp\/v2\/posts"}],"about":[{"href":"https:\/\/www.diarioimagen.net\/index.php?rest_route=\/wp\/v2\/types\/post"}],"author":[{"embeddable":true,"href":"https:\/\/www.diarioimagen.net\/index.php?rest_route=\/wp\/v2\/users\/3"}],"replies":[{"embeddable":true,"href":"https:\/\/www.diarioimagen.net\/index.php?rest_route=%2Fwp%2Fv2%2Fcomments&post=569617"}],"version-history":[{"count":0,"href":"https:\/\/www.diarioimagen.net\/index.php?rest_route=\/wp\/v2\/posts\/569617\/revisions"}],"wp:featuredmedia":[{"embeddable":true,"href":"https:\/\/www.diarioimagen.net\/index.php?rest_route=\/wp\/v2\/media\/569688"}],"wp:attachment":[{"href":"https:\/\/www.diarioimagen.net\/index.php?rest_route=%2Fwp%2Fv2%2Fmedia&parent=569617"}],"wp:term":[{"taxonomy":"category","embeddable":true,"href":"https:\/\/www.diarioimagen.net\/index.php?rest_route=%2Fwp%2Fv2%2Fcategories&post=569617"},{"taxonomy":"post_tag","embeddable":true,"href":"https:\/\/www.diarioimagen.net\/index.php?rest_route=%2Fwp%2Fv2%2Ftags&post=569617"}],"curies":[{"name":"wp","href":"https:\/\/api.w.org\/{rel}","templated":true}]}}