{"id":569638,"date":"2022-12-21T00:01:57","date_gmt":"2022-12-21T06:01:57","guid":{"rendered":"https:\/\/www.diarioimagen.net\/?p=569638"},"modified":"2022-12-21T04:22:30","modified_gmt":"2022-12-21T10:22:30","slug":"aprueban-presupuesto-2023-historico-para-cuautitlan-izcalli-de-3420-millones-de-pesos","status":"publish","type":"post","link":"https:\/\/www.diarioimagen.net\/?p=569638","title":{"rendered":"Aprueban presupuesto 2023 hist\u00f3rico para Cuautitl\u00e1n Izcalli, de 3,420 millones de pesos"},"content":{"rendered":"<p>&nbsp;<\/p>\n<ul>\n<li><em><strong>Incremento de 638 mdp con respecto a 2022<\/strong><\/em><\/li>\n<\/ul>\n<p>&nbsp;<\/p>\n<div id=\"attachment_569696\" style=\"width: 470px\" class=\"wp-caption aligncenter\"><a href=\"https:\/\/www.diarioimagen.net\/?attachment_id=569696\" rel=\"attachment wp-att-569696\"><img loading=\"lazy\" decoding=\"async\" aria-describedby=\"caption-attachment-569696\" class=\"size-full wp-image-569696\" src=\"https:\/\/www.diarioimagen.net\/wp-content\/uploads\/2022\/12\/aprueban-presupuesto.jpg\" alt=\"\" width=\"460\" height=\"270\" \/><\/a><p id=\"caption-attachment-569696\" class=\"wp-caption-text\">El gobierno de Cuautitl\u00e1n Izcalli, que preside Karla Fiesco Garc\u00eda, tendr\u00e1 un presupuesto de tres mil 420 millones de pesos para el pr\u00f3ximo a\u00f1o.<\/p><\/div>\n<p>&nbsp;<\/p>\n<p><strong>Cuautitl\u00e1n Izcalli, Estado de M\u00e9xico.\u2014<\/strong> Destinar\u00e1 el H. Ayuntamiento de Cuautitl\u00e1n Izcalli, que preside Karla Fiesco Garc\u00eda, tres mil 420 millones de pesos para inversi\u00f3n p\u00fablica, modernizaci\u00f3n de la infraestructura municipal, programas de desarrollo para los sectores vulnerables, de la juventud y mujeres y para el fortalecimiento de la estrategia de seguridad p\u00fablica.<\/p>\n<p>En un hecho hist\u00f3rico y sin precedentes, el pasado 16 de diciembre se aprob\u00f3 el proyecto de presupuesto para el Ejercicio Fiscal 2023 que asciende a tres mil 420 millones de pesos, lo que representa un incremento de 638 millones de pesos con respecto al a\u00f1o 2022.\u00a0\u00a0 En materia de inversi\u00f3n p\u00fablica municipal fueron aprobados 594 millones de pesos, los cuales se ejercer\u00e1n a trav\u00e9s del Programa de Obras Anual (POA), lo que permitir\u00e1 dar seguimiento a lo realizado en el Ejercicio Fiscal 2022 que est\u00e1 por concluir. Cabe destacar que en este periodo, se efectuaron 12 obras de pavimentaci\u00f3n y repavimentaci\u00f3n, tres se encuentran en proceso y algunas m\u00e1s est\u00e1n por iniciar en distintas comunidades del municipio, que han logrado mejorar los circuitos de movilidad de los izcallenses.<\/p>\n<p>Desde el inicio de la administraci\u00f3n, una de las principales peticiones de la poblaci\u00f3n fueron las vialidades, por ello, el gobierno municipal aprob\u00f3 recursos por 97 millones 271 mil pesos para modernizar la infraestructura municipal, la rehabilitaci\u00f3n y el mantenimiento de vialidades.<\/p>\n<p>Mejorar el futuro de los izcallenses ha sido una prioridad para el actual gobierno, y para 2023 ser\u00e1n destinados 119 millones de pesos para ser ejercidos en diferentes programas que fortalecen el desarrollo de los sectores m\u00e1s vulnerables y que promueven el desarrollo de la juventud y de las mujeres izcallenses.<\/p>\n<p>Para darle seguimiento a los avances obtenidos en materia de seguridad y como parte de la Estrategia Municipal de Seguridad P\u00fablica, fue aprobado un presupuesto de 358 millones 680 mil pesos, lo que representa un incremento del 44 por ciento, que ser\u00e1n destinados a los rubros m\u00e1s relevantes como el equipamiento, capacitaci\u00f3n y profesionalizaci\u00f3n de los polic\u00edas, as\u00ed como a la adquisici\u00f3n de armamento, prendas de protecci\u00f3n y uniformes.<\/p>\n","protected":false},"excerpt":{"rendered":"<p>Destinar\u00e1 el H. Ayuntamiento de Cuautitl\u00e1n Izcalli, que preside Karla Fiesco Garc\u00eda, tres mil 420 millones de pesos para inversi\u00f3n p\u00fablica, modernizaci\u00f3n de la infraestructura municipal, programas de desarrollo para los sectores vulnerables, de la juventud y mujeres y para el fortalecimiento de la estrategia de seguridad p\u00fablica.<\/p>\n","protected":false},"author":3,"featured_media":569696,"comment_status":"open","ping_status":"open","sticky":false,"template":"","format":"standard","meta":{"_monsterinsights_skip_tracking":false,"_monsterinsights_sitenote_active":false,"_monsterinsights_sitenote_note":"","_monsterinsights_sitenote_category":0,"footnotes":""},"categories":[5],"tags":[971,43675,6053],"class_list":["post-569638","post","type-post","status-publish","format-standard","has-post-thumbnail","hentry","category-estado-de-mexico","tag-cuautitlan-izcalli","tag-estado-de-mexico","tag-presupuesto"],"_links":{"self":[{"href":"https:\/\/www.diarioimagen.net\/index.php?rest_route=\/wp\/v2\/posts\/569638","targetHints":{"allow":["GET"]}}],"collection":[{"href":"https:\/\/www.diarioimagen.net\/index.php?rest_route=\/wp\/v2\/posts"}],"about":[{"href":"https:\/\/www.diarioimagen.net\/index.php?rest_route=\/wp\/v2\/types\/post"}],"author":[{"embeddable":true,"href":"https:\/\/www.diarioimagen.net\/index.php?rest_route=\/wp\/v2\/users\/3"}],"replies":[{"embeddable":true,"href":"https:\/\/www.diarioimagen.net\/index.php?rest_route=%2Fwp%2Fv2%2Fcomments&post=569638"}],"version-history":[{"count":0,"href":"https:\/\/www.diarioimagen.net\/index.php?rest_route=\/wp\/v2\/posts\/569638\/revisions"}],"wp:featuredmedia":[{"embeddable":true,"href":"https:\/\/www.diarioimagen.net\/index.php?rest_route=\/wp\/v2\/media\/569696"}],"wp:attachment":[{"href":"https:\/\/www.diarioimagen.net\/index.php?rest_route=%2Fwp%2Fv2%2Fmedia&parent=569638"}],"wp:term":[{"taxonomy":"category","embeddable":true,"href":"https:\/\/www.diarioimagen.net\/index.php?rest_route=%2Fwp%2Fv2%2Fcategories&post=569638"},{"taxonomy":"post_tag","embeddable":true,"href":"https:\/\/www.diarioimagen.net\/index.php?rest_route=%2Fwp%2Fv2%2Ftags&post=569638"}],"curies":[{"name":"wp","href":"https:\/\/api.w.org\/{rel}","templated":true}]}}