{"id":569654,"date":"2022-12-21T00:01:40","date_gmt":"2022-12-21T06:01:40","guid":{"rendered":"https:\/\/www.diarioimagen.net\/?p=569654"},"modified":"2022-12-21T04:28:01","modified_gmt":"2022-12-21T10:28:01","slug":"ioh-el-concepto-de-hoteles-freestyle-y-multiproposito-fue-inaugurado-en-merida","status":"publish","type":"post","link":"https:\/\/www.diarioimagen.net\/?p=569654","title":{"rendered":"IOH, el concepto de hoteles freestyle y multiprop\u00f3sito, fue inaugurado en M\u00e9rida"},"content":{"rendered":"<h2>De cinco estrellas<\/h2>\n<h5>Victoria Gonz\u00e1lez Prado<\/h5>\n<p>&nbsp;<\/p>\n<ul>\n<li><strong>Atout France<em> y <\/em>Only Lyon<em>, lanzan nuevo programa de <\/em>e-learning France Connaisseur<\/strong><\/li>\n<li><strong><em>\u00bfQui\u00e9nes pueden beneficiarse de la nueva Ley de Memoria Democr\u00e1tica?<\/em><\/strong><\/li>\n<\/ul>\n<p>&nbsp;<\/p>\n<div id=\"attachment_569711\" style=\"width: 470px\" class=\"wp-caption aligncenter\"><a href=\"https:\/\/www.diarioimagen.net\/?attachment_id=569711\" rel=\"attachment wp-att-569711\"><img loading=\"lazy\" decoding=\"async\" aria-describedby=\"caption-attachment-569711\" class=\"size-full wp-image-569711\" src=\"https:\/\/www.diarioimagen.net\/wp-content\/uploads\/2022\/12\/turismo-8.jpg\" alt=\"\" width=\"460\" height=\"270\" \/><\/a><p id=\"caption-attachment-569711\" class=\"wp-caption-text\">El nuevo hotel en M\u00e9rida.<\/p><\/div>\n<p>&nbsp;<\/p>\n<p><strong>Mauricio Vila<\/strong>, gobernador de Yucat\u00e1n acompa\u00f1ado por <strong>Jos\u00e9 Carlos Azc\u00e1rraga<\/strong>, director general de Posadas; <strong>Mario Mart\u00ednez Laviada<\/strong>, oficial mayor del ayuntamiento de M\u00e9rida; <strong>Beatriz Gomory Correa<\/strong>, representante del Consejo Coordinar Empresarial y de la C\u00e1mara de la Industria de la Transformaci\u00f3n Delegaci\u00f3n Yucat\u00e1n; <strong>Ra\u00fal Paz Noriega<\/strong>, secretario T\u00e9cnico de la Secretar\u00eda de Fomento Tur\u00edstico; <strong>Jos\u00e9 Antonio Loret de Mola<\/strong>, propietario de <em>IOH M\u00e9rida Mid Center;<\/em> <strong>Adri\u00e1n Correa<\/strong>, director de las marcas <em>IOH, Fiesta Inn Gamma<\/em> y <em>one<\/em> y <strong>Montserrat del Castillo<\/strong>, gerente general del Hotel <em>IOH M\u00e9rida Mid Center, <\/em>inauguraron el inmueble en la ciudad de M\u00e9rida.<\/p>\n<p>Con este complejo tur\u00edstico, la marca busca adaptarse a los distintos perfiles de viajeros y a cada una de sus necesidades, ya sean viajes de negocios, <em>leisure<\/em>, de placer o grupales.<\/p>\n<p><strong>Jos\u00e9 Carlos Azc\u00e1rraga<\/strong>, al hacer uso de la palabra dijo: \u201cel hotel\u00a0\u00a0\u00a0 representa para nosotros una evoluci\u00f3n importante marcando un antes y un despu\u00e9s en la hoteler\u00eda mexicana. Incursionamos como una nueva marca que se adapta a todos los tipos de viajeros con el objetivo de responder a sus necesidades. Nuestro primer hotel representa el compromiso que tenemos para seguir impulsando el turismo en nuestro pa\u00eds, generando nuevos empleos y tambi\u00e9n estancias multiprop\u00f3sitos para todos los turistas nacionales e internacionales\u201d.<\/p>\n<p><em>IOH M\u00e9rida Mid Center<\/em> se coloca a la vanguardia en la industria hotelera, ofreciendo experiencias <em>freestyle<\/em> a sus hu\u00e9spedes, con espacios que se fusionan para brindar momentos interactivos. Su innovaci\u00f3n tecnol\u00f3gica se adapta a la nueva era digital del turismo, con experiencias <em>contactless<\/em> y tecnol\u00f3gicas desde la llegada, brindando mayor comodidad y facilidad durante la estancia; como el <em>check-in<\/em> digital, que en tan solo dos minutos simplifica el proceso de entrada, aumentando la productividad en la recepci\u00f3n.<\/p>\n<p>El gobernador, <strong>Mauricio Vila<\/strong>, destac\u00f3 durante la ceremonia de celebraci\u00f3n que \u201cM\u00e9rida es un destino que tiene mucho por ofrecer a todos sus visitantes, de la mano con nuestros aliados de la inversi\u00f3n privada, nos convertimos en un atractivo tur\u00edstico que es referencia de nuestro pa\u00eds a nivel internacional\u201d.<\/p>\n<p>M\u00e9rida es destino que ha mostrado crecimiento acelerado y\u00a0 evoluci\u00f3n importante, gracias a los avances tecnol\u00f3gicos, su amplia oferta tur\u00edstica, las inversiones, su alta calidad de vida, as\u00ed como la seguridad, tranquilidad y plusval\u00eda del estado, convirti\u00e9ndose en destino imperdible y en producto tur\u00edstico prometedor.<\/p>\n<p>Para 2025, Ia marca tiene el objetivo de incorporar 12 hoteles, con rango de 130 a 180 habitaciones, en destinos y plazas estrat\u00e9gicas de la rep\u00fablica como Ciudad de M\u00e9xico, Guadalajara, Monterrey, Tijuana y varios prospectos m\u00e1s.<\/p>\n<p>\u2730\u2730\u2730\u2730\u2730 Despu\u00e9s de dos a\u00f1os de crisis sanitaria, las necesidades de los viajeros han cambiado, sus deseos, al igual que ha evolucionado el oficio de agente de viaje. Bas\u00e1ndose en esta observaci\u00f3n, <em>Atout France<\/em> quer\u00eda proporcionar a los actores de la distribuci\u00f3n internacional nuevo programa de aprendizaje en l\u00ednea. Promoviendo la oferta francesa y su renovaci\u00f3n, <em>\u2018France Connaisseur\u2019<\/em> pretende reafirmar el lugar de Francia como destino de referencia.<\/p>\n<p>Gracias a esta plataforma de formaci\u00f3n en l\u00ednea con dise\u00f1o atractivo y ergonom\u00eda acorde con los nuevos usos digitales, los profesionales del turismo mexicanos tendr\u00e1n base de conocimientos generales sobre las riquezas tur\u00edsticas esenciales de Francia y sus regiones.<\/p>\n<p>Podr\u00e1n asesorar mejor a sus clientes seg\u00fan sus expectativas y ofrecerles experiencias excepcionales. \u2018<em>France Connaisseur\u2019<\/em> tambi\u00e9n tiene como objetivo sorprender y mostrar la diversidad de los destinos tur\u00edsticos franceses, ya sea en t\u00e9rminos de patrimonio, actividades, alojamiento o gastronom\u00eda regional.<\/p>\n<p>Este sistema responde al deseo de mostrar la din\u00e1mica de una Francia que innova y responde a las expectativas sociales y medioambientales de los viajeros.<\/p>\n<p>El lanzamiento de este programa se hace de la mano de la ciudad de Lyon, el destino l\u00edder para el arte del vivir franc\u00e9s. No solo cuenta con historia de 2 mil a\u00f1os, sino que brilla por su ciudad y el talento de sus chefs. Adem\u00e1s, en 2023, Lyon se har\u00e1 de lugar en la escena internacional, recibiendo partidos de la Copa Mundial de <em>Rugby.<\/em><\/p>\n<p>Los tour-operadores y agentes de viajes de M\u00e9xico est\u00e1n invitados a seguir curso l\u00fadico y adaptado a su nivel de conocimiento para descubrir cada destino franc\u00e9s. Para obtener certificado de <em>\u2018France Connaisseur\u2019,<\/em> los profesionales del turismo deber\u00e1n completar todos los m\u00f3dulos y obtener 75 por ciento de respuestas correctas al examen final.<\/p>\n<p>El programa de capacitaci\u00f3n consta de 19 m\u00f3dulos disponibles en cinco idiomas (franc\u00e9s, ingl\u00e9s, espa\u00f1ol, japon\u00e9s y portugu\u00e9s). El acceso es gratuito y los agentes pueden conectarse en cualquier momento del d\u00eda.<\/p>\n<p>Los 19 m\u00f3dulos ya elaborados ofrecen experiencia de aprendizaje original y diferenciadora: adaptada en tiempo real al alumno gracias a la innovadora soluci\u00f3n de <em>Adaptive Learning. <\/em>Divertida gracias a varias herramientas de gamificaci\u00f3n para adentrarse en los contenidos y asegurar el aprendizaje; <em>a<\/em>ccesible en todo tipo de dispositivos gracias al desarrollo de programa responsivo.<\/p>\n<p>Este curso pronto se enriquecer\u00e1 con nuevos m\u00f3dulos espec\u00edficamente dedicados al turismo sostenible en Francia, a los grandes eventos deportivos internacionales que Francia albergar\u00e1 en 2023 y 2024 y adem\u00e1s se prepara m\u00f3dulo para recibir mejor a las personas con discapacidad.<\/p>\n<p>El registro es sin costo: <em>https:\/\/atoutfrance-e-travelacademy.com\/inscription<\/em><\/p>\n<p>\u2730\u2730\u2730\u2730\u2730 Una vez m\u00e1s, Espa\u00f1a decide enmendarse de su pasado, y esta vez lo logra al aprobar la , la cual se cre\u00f3 para rendir homenaje a todos aquellos ciudadanos espa\u00f1oles que fueron exiliados de dicho pa\u00eds durante la Guerra Civil. \u00bfCu\u00e1l es la historia detr\u00e1s? Entre los a\u00f1os 1939 y 1943, cerca de medio mill\u00f3n de personas fueron obligadas por las fuerzas franquistas a abandonar su pa\u00eds debido a las ideolog\u00edas por las que luchaban. Y aunque gran n\u00famero de personas migraron a Francia, Argentina, Israel y Estados Unidos, M\u00e9xico recibi\u00f3 entre 20 y 25 mil personas.<\/p>\n<p>Y ahora, ocho d\u00e9cadas despu\u00e9s, el gobierno espa\u00f1ol determin\u00f3 que todos aquellos usuarios (nacidas fuera de Espa\u00f1a) con madre, padre o abuelos espa\u00f1oles, podr\u00e1n reclamar su nacionalidad de manera inmediata.<\/p>\n<p>En esta Ley se reconoce tambi\u00e9n la nacionalidad espa\u00f1ola a los hijos nacidos en el exterior de mujeres espa\u00f1olas que perdieron su nacionalidad por casarse con extranjeros antes de la entrada en vigor de la Constituci\u00f3n de 1978, as\u00ed como, a los descendientes de los brigadistas extranjeros que lucharon por la democracia en la Guerra Civil espa\u00f1ola.<\/p>\n<p>Rub\u00e9n Ma\u00f1anes, director de la firma madrile\u00f1a, , especialista en nacionalidad espa\u00f1ola, asegur\u00f3:\u201dal fin, gran n\u00famero de usuarios podr\u00e1n obtener su nacionalidad y podr\u00e1n beneficiarse del hecho de pertenecer a la Uni\u00f3n Europea. Es dif\u00edcil hacer estimaci\u00f3n de cu\u00e1ntas personas tendr\u00e1n acceso a la nacionalidad espa\u00f1ola, pero podemos hablar de m\u00e1s de 4 millones de descendientes de espa\u00f1oles en pa\u00edses como M\u00e9xico, Colombia, Estados Unidos, Argentina, Chile, Per\u00fa, Cuba, Panam\u00e1 o Ecuador, entre otros\u201d.<\/p>\n<p>La solicitud de nacionalidad deber\u00e1 formalizarse en el plazo de dos a\u00f1os desde la entrada en vigor de esta Ley, es decir, hasta el 21 de octubre de 2024. Aunque, al terminar este plazo, el Consejo de ministros podr\u00e1 acordar su pr\u00f3rroga por un a\u00f1o m\u00e1s.<\/p>\n<p>Una oportunidad que muchos mexicanos no dejar\u00e1n pasar ya que el pasaporte espa\u00f1ol da acceso a todos los pa\u00edses de la Uni\u00f3n Europea, adem\u00e1s de los derechos de ciudadano espa\u00f1ol.<\/p>\n<p>&nbsp;<\/p>\n<blockquote>\n<p style=\"text-align: right;\">\u201c<strong>El<\/strong> <strong>\u00e1ngel de la fama tiene sus alas hechas de papel&#8230; peri\u00f3dico\u201d.<br \/>\n<\/strong><\/p>\n<\/blockquote>\n<p>&nbsp;<\/p>\n<p><em><span class=\"Apple-converted-space\"><a href=\"mailto:victoriagprado@gmail.com\" target=\"_blank\" rel=\"noopener noreferrer\">victoriagprado@gmail.com<\/a><br \/>\nTwitter: <a href=\"https:\/\/twitter.com\/victoriagprado\" target=\"_blank\" rel=\"noopener noreferrer\">@victoriagprado<\/a><\/span><\/em><\/p>\n","protected":false},"excerpt":{"rendered":"<p><strong>Mauricio Vila<\/strong>, gobernador de Yucat\u00e1n acompa\u00f1ado por <strong>Jos\u00e9 Carlos Azc\u00e1rraga<\/strong>, director general de Posadas; <strong>Mario Mart\u00ednez Laviada<\/strong>, oficial mayor del ayuntamiento de M\u00e9rida; <strong>Beatriz Gomory Correa<\/strong>, representante del Consejo Coordinar Empresarial y de la C\u00e1mara de la Industria de la Transformaci\u00f3n Delegaci\u00f3n Yucat\u00e1n; <strong>Ra\u00fal Paz Noriega<\/strong>, secretario T\u00e9cnico de la Secretar\u00eda de Fomento Tur\u00edstico; <strong>Jos\u00e9 Antonio Loret de Mola<\/strong>, propietario de <em>IOH M\u00e9rida Mid Center;<\/em> <strong>Adri\u00e1n Correa<\/strong>, director de las marcas <em>IOH, Fiesta Inn Gamma<\/em> y <em>one<\/em> y <strong>Montserrat del Castillo<\/strong>, gerente general del Hotel <em>IOH M\u00e9rida Mid Center, <\/em>inauguraron el inmueble en la ciudad de M\u00e9rida.<\/p>\n","protected":false},"author":3,"featured_media":569711,"comment_status":"open","ping_status":"open","sticky":false,"template":"","format":"standard","meta":{"_monsterinsights_skip_tracking":false,"_monsterinsights_sitenote_active":false,"_monsterinsights_sitenote_note":"","_monsterinsights_sitenote_category":0,"footnotes":""},"categories":[11],"tags":[107,43674,43681,106],"class_list":["post-569654","post","type-post","status-publish","format-standard","has-post-thumbnail","hentry","category-turismo","tag-de-cinco-estrellas","tag-opinion","tag-turismo","tag-victoria-gonzalez-prado"],"_links":{"self":[{"href":"https:\/\/www.diarioimagen.net\/index.php?rest_route=\/wp\/v2\/posts\/569654","targetHints":{"allow":["GET"]}}],"collection":[{"href":"https:\/\/www.diarioimagen.net\/index.php?rest_route=\/wp\/v2\/posts"}],"about":[{"href":"https:\/\/www.diarioimagen.net\/index.php?rest_route=\/wp\/v2\/types\/post"}],"author":[{"embeddable":true,"href":"https:\/\/www.diarioimagen.net\/index.php?rest_route=\/wp\/v2\/users\/3"}],"replies":[{"embeddable":true,"href":"https:\/\/www.diarioimagen.net\/index.php?rest_route=%2Fwp%2Fv2%2Fcomments&post=569654"}],"version-history":[{"count":0,"href":"https:\/\/www.diarioimagen.net\/index.php?rest_route=\/wp\/v2\/posts\/569654\/revisions"}],"wp:featuredmedia":[{"embeddable":true,"href":"https:\/\/www.diarioimagen.net\/index.php?rest_route=\/wp\/v2\/media\/569711"}],"wp:attachment":[{"href":"https:\/\/www.diarioimagen.net\/index.php?rest_route=%2Fwp%2Fv2%2Fmedia&parent=569654"}],"wp:term":[{"taxonomy":"category","embeddable":true,"href":"https:\/\/www.diarioimagen.net\/index.php?rest_route=%2Fwp%2Fv2%2Fcategories&post=569654"},{"taxonomy":"post_tag","embeddable":true,"href":"https:\/\/www.diarioimagen.net\/index.php?rest_route=%2Fwp%2Fv2%2Ftags&post=569654"}],"curies":[{"name":"wp","href":"https:\/\/api.w.org\/{rel}","templated":true}]}}