{"id":569730,"date":"2022-12-22T00:01:24","date_gmt":"2022-12-22T06:01:24","guid":{"rendered":"https:\/\/www.diarioimagen.net\/?p=569730"},"modified":"2022-12-22T23:25:34","modified_gmt":"2022-12-23T05:25:34","slug":"alumnos-uaemex-elaboran-propuesta-para-la-construccion-de-las-nuevas-oficinas-del-teem","status":"publish","type":"post","link":"https:\/\/www.diarioimagen.net\/?p=569730","title":{"rendered":"Alumnos UAEM\u00e9x elaboran propuesta para la construcci\u00f3n de las nuevas oficinas del TEEM"},"content":{"rendered":"<p>&nbsp;<\/p>\n<div id=\"attachment_569793\" style=\"width: 470px\" class=\"wp-caption aligncenter\"><a href=\"https:\/\/www.diarioimagen.net\/?attachment_id=569793\" rel=\"attachment wp-att-569793\"><img loading=\"lazy\" decoding=\"async\" aria-describedby=\"caption-attachment-569793\" class=\"size-full wp-image-569793\" src=\"https:\/\/www.diarioimagen.net\/wp-content\/uploads\/2022\/12\/uaem-alumnos.jpg\" alt=\"\" width=\"460\" height=\"270\" \/><\/a><p id=\"caption-attachment-569793\" class=\"wp-caption-text\">Ante la solicitud del TEEM, siete equipos de la carrera de Arquitectura llevaron a cabo una propuesta para la construcci\u00f3n y acondicionamiento de las nuevas oficinas del Tribunal.<\/p><\/div>\n<p>&nbsp;<\/p>\n<p><strong>Toluca, Estado de M\u00e9xico.\u2014<\/strong> La Universidad Aut\u00f3noma del Estado de M\u00e9xico (UAEM\u00e9x), a trav\u00e9s de la Facultad de Arquitectura y Dise\u00f1o firm\u00f3 un convenio de colaboraci\u00f3n con el Tribunal Electoral del Estado de M\u00e9xico (TEEM) para la construcci\u00f3n de nuevas oficinas y acondicionamiento de las instalaciones del TEEM.<\/p>\n<p>La magistrada presidenta del tribunal, Leticia Victoria Tavira, agradeci\u00f3 a la Facultad de Arquitectura y Dise\u00f1o su apoyo para materializar esta propuesta, en la que participaron siete equipos de la carrera de Arquitectura.<\/p>\n<p>\u201cAnte la necesidad de la instituci\u00f3n de ampliarse, acudimos con el director para elaborar un proyecto en muy poco tiempo y estamos agradecidos por la calidad de trabajos que nos fueron presentados por parte del estudiantado\u201d, apunt\u00f3.<\/p>\n<p>Por su parte, el director de la Facultad de Arquitectura y Dise\u00f1o, Xavier Gayt\u00e1n Zepeda, destac\u00f3 que el trabajo entre instituciones permite que el estudiantado ponga en pr\u00e1ctica los conocimientos que le son transmitidos en clase y pueda ejercerlos de manera profesional.<\/p>\n<p>\u201cEste tipo de proyectos, sin lugar a dudas, permite un crecimiento profesional muy importante en las y los estudiantes\u201d, abund\u00f3.<\/p>\n<p>Durante la firma del convenio fueron presentados los tres proyectos finalistas que se apegaban a los requerimientos y las necesidades que les fueron planteadas y se sometieron a concurso, donde el equipo conformado por Jes\u00fas S\u00e1nchez Mart\u00ednez, C\u00e9sar Aldair Aguilar Cosme, Mar\u00eda Del Carmen Esquivel Cuadros, Diego Rold\u00e1n Cruz y el docente Fernando Jaime Mendoza Hern\u00e1ndez obtuvo el primer lugar.<\/p>\n<p>Finalmente, como agradecimiento a la Facultad de Arquitectura y Dise\u00f1o, se hizo entrega de una televisi\u00f3n y dos computadoras en beneficio de la comunidad estudiantil de este espacio acad\u00e9mico.<\/p>\n<p>Al acto acudieron la Magistrada. Martha Patricia Tovar Pescador, el Magistrado Ra\u00fal Flores Bernal, el Magistrado V\u00edctor Oscar Pasquel Fuentes, el titular de servicios generales del TEEM, Jos\u00e9 Emigdio Cortez Garc\u00eda, y el presidente del Colegio de Arquitectos del Estado de M\u00e9xico, Manuel Trigos Mart\u00ednez.<\/p>\n","protected":false},"excerpt":{"rendered":"<p>La Universidad Aut\u00f3noma del Estado de M\u00e9xico (UAEM\u00e9x), a trav\u00e9s de la Facultad de Arquitectura y Dise\u00f1o firm\u00f3 un convenio de colaboraci\u00f3n con el Tribunal Electoral del Estado de M\u00e9xico (TEEM) para la construcci\u00f3n de nuevas oficinas y acondicionamiento de las instalaciones del TEEM.<\/p>\n","protected":false},"author":3,"featured_media":569793,"comment_status":"open","ping_status":"open","sticky":false,"template":"","format":"standard","meta":{"_monsterinsights_skip_tracking":false,"_monsterinsights_sitenote_active":false,"_monsterinsights_sitenote_note":"","_monsterinsights_sitenote_category":0,"footnotes":""},"categories":[5],"tags":[17625,95287,97069],"class_list":["post-569730","post","type-post","status-publish","format-standard","has-post-thumbnail","hentry","category-estado-de-mexico","tag-construccion","tag-oficinas","tag-teem"],"_links":{"self":[{"href":"https:\/\/www.diarioimagen.net\/index.php?rest_route=\/wp\/v2\/posts\/569730","targetHints":{"allow":["GET"]}}],"collection":[{"href":"https:\/\/www.diarioimagen.net\/index.php?rest_route=\/wp\/v2\/posts"}],"about":[{"href":"https:\/\/www.diarioimagen.net\/index.php?rest_route=\/wp\/v2\/types\/post"}],"author":[{"embeddable":true,"href":"https:\/\/www.diarioimagen.net\/index.php?rest_route=\/wp\/v2\/users\/3"}],"replies":[{"embeddable":true,"href":"https:\/\/www.diarioimagen.net\/index.php?rest_route=%2Fwp%2Fv2%2Fcomments&post=569730"}],"version-history":[{"count":0,"href":"https:\/\/www.diarioimagen.net\/index.php?rest_route=\/wp\/v2\/posts\/569730\/revisions"}],"wp:featuredmedia":[{"embeddable":true,"href":"https:\/\/www.diarioimagen.net\/index.php?rest_route=\/wp\/v2\/media\/569793"}],"wp:attachment":[{"href":"https:\/\/www.diarioimagen.net\/index.php?rest_route=%2Fwp%2Fv2%2Fmedia&parent=569730"}],"wp:term":[{"taxonomy":"category","embeddable":true,"href":"https:\/\/www.diarioimagen.net\/index.php?rest_route=%2Fwp%2Fv2%2Fcategories&post=569730"},{"taxonomy":"post_tag","embeddable":true,"href":"https:\/\/www.diarioimagen.net\/index.php?rest_route=%2Fwp%2Fv2%2Ftags&post=569730"}],"curies":[{"name":"wp","href":"https:\/\/api.w.org\/{rel}","templated":true}]}}