{"id":569732,"date":"2022-12-22T00:06:16","date_gmt":"2022-12-22T06:06:16","guid":{"rendered":"https:\/\/www.diarioimagen.net\/?p=569732"},"modified":"2022-12-23T03:13:13","modified_gmt":"2022-12-23T09:13:13","slug":"osjuaemex-celebra-ocho-anos-con-gala-navidena","status":"publish","type":"post","link":"https:\/\/www.diarioimagen.net\/?p=569732","title":{"rendered":"OSJUAEM\u00e9x celebra ocho a\u00f1os con Gala Navide\u00f1a"},"content":{"rendered":"<p>&nbsp;<\/p>\n<div id=\"attachment_569790\" style=\"width: 470px\" class=\"wp-caption aligncenter\"><a href=\"https:\/\/www.diarioimagen.net\/?attachment_id=569790\" rel=\"attachment wp-att-569790\"><img loading=\"lazy\" decoding=\"async\" aria-describedby=\"caption-attachment-569790\" class=\"size-full wp-image-569790\" src=\"https:\/\/www.diarioimagen.net\/wp-content\/uploads\/2022\/12\/uaem-orquesta.jpg\" alt=\"\" width=\"460\" height=\"270\" \/><\/a><p id=\"caption-attachment-569790\" class=\"wp-caption-text\">Bajo la direcci\u00f3n de Hilda Saquicoray \u00c1vila, la OSJUAEM\u00e9x interpret\u00f3 piezas musicales de compositores como Arturo Marqu\u00e9z Navarro, Carlos Chav\u00e9z y Gina Enriquez, as\u00ed como canciones navide\u00f1as, para dar paso a las celebraciones decembrinas.<\/p><\/div>\n<p>&nbsp;<\/p>\n<p><strong>Toluca, Estado de M\u00e9xico.\u2014<\/strong> En el marco de la celebraci\u00f3n del octavo aniversario de la Orquesta Sinf\u00f3nica Juvenil de la Universidad Aut\u00f3noma del Estado de M\u00e9xico (OSJUAEM\u00e9x) -que propone la m\u00fasica como una herramienta valiosa para el desarrollo social de infancias y juventudes-, se llev\u00f3 a cabo el concierto<em> Octavo Aniversario y Gala Navide\u00f1a<\/em>, en el Centro Cultural \u201cCasa de las Diligencias\u201d.<\/p>\n<p>Bajo la direcci\u00f3n de Hilda Saquicoray \u00c1vila, la OSJUAEM\u00e9x interpret\u00f3 obras que han sido importantes para \u00e9sta de manera m\u00fasical y emocional. La primera parte del concierto se tocaron dos piezas musicales del aclamado compositor Arturo Marqu\u00e9z Navarro: \u201cLa leyenda de Miliano\u201d, composici\u00f3n con la que la orquesta se present\u00f3 por primera vez ante las autoridades, y \u201cDe la Mora a las Ra\u00edces\u201d, una melod\u00eda especial de Marqu\u00e9z Navarro, en homenaje al \u00e1rbol de la mora, s\u00edmbolo universitario de la M\u00e1xima Casa de Estudios mexiquense.<\/p>\n<p>Posteriormente, se present\u00f3 la obra \u201cSinfon\u00eda India\u201d, de Carlos Chav\u00e9z, y como cierre a la primera parte del ensamble, fue interpretada la pieza \u201cMarfil\u201d, de Gina Enriquez, en donde la compositora representa la vida y muerte de un elefante.\u00a0 En la segunda parte se interpretaron canciones navide\u00f1as, para dar paso a las celebraciones decembrinas, como <em>All I Want for Christmas is You<\/em>, <em>Christmas that Special Time of the Year<\/em>, <em>It\u2019s Christmas <\/em>y <em>The Carol March of the Imperial Bells.<\/em><\/p>\n<p>Durante su intervenci\u00f3n, Hilda Saquicoray \u00c1vila destac\u00f3 que durante estos ocho a\u00f1os, la orquesta ha recorrido un camino lleno de aventuras, a trav\u00e9s del cual sus integrantes han crecido de forma conjunta y se han cosechado distintos logros tanto para la este ensamble musical como para la UAEM\u00e9x.<\/p>\n<p>Actualmente est\u00e1 compuesta por 55 j\u00f3venes universitarios de distintas licenciaturas que forman parte de la segunda generaci\u00f3n de la OSJUAEM\u00e9x y se han presentado en distintos espacios del \u00e1mbito nacional, como el Teatro de la Ciudad Esperanza Iris y el Auditorio Nacional, e internacional, con una presentaci\u00f3n en Colombia, donde interpretaron m\u00fasica tradicional mexicana.<\/p>\n","protected":false},"excerpt":{"rendered":"<p>En el marco de la celebraci\u00f3n del octavo aniversario de la Orquesta Sinf\u00f3nica Juvenil de la Universidad Aut\u00f3noma del Estado de M\u00e9xico (OSJUAEM\u00e9x) -que propone la m\u00fasica como una herramienta valiosa para el desarrollo social de infancias y juventudes-, se llev\u00f3 a cabo el concierto<em> Octavo Aniversario y Gala Navide\u00f1a<\/em>, en el Centro Cultural \u201cCasa de las Diligencias\u201d.<\/p>\n","protected":false},"author":3,"featured_media":569790,"comment_status":"open","ping_status":"open","sticky":false,"template":"","format":"standard","meta":{"_monsterinsights_skip_tracking":false,"_monsterinsights_sitenote_active":false,"_monsterinsights_sitenote_note":"","_monsterinsights_sitenote_category":0,"footnotes":""},"categories":[5],"tags":[97071,97070],"class_list":["post-569732","post","type-post","status-publish","format-standard","has-post-thumbnail","hentry","category-estado-de-mexico","tag-gala-navidena","tag-osjuaemex"],"_links":{"self":[{"href":"https:\/\/www.diarioimagen.net\/index.php?rest_route=\/wp\/v2\/posts\/569732","targetHints":{"allow":["GET"]}}],"collection":[{"href":"https:\/\/www.diarioimagen.net\/index.php?rest_route=\/wp\/v2\/posts"}],"about":[{"href":"https:\/\/www.diarioimagen.net\/index.php?rest_route=\/wp\/v2\/types\/post"}],"author":[{"embeddable":true,"href":"https:\/\/www.diarioimagen.net\/index.php?rest_route=\/wp\/v2\/users\/3"}],"replies":[{"embeddable":true,"href":"https:\/\/www.diarioimagen.net\/index.php?rest_route=%2Fwp%2Fv2%2Fcomments&post=569732"}],"version-history":[{"count":0,"href":"https:\/\/www.diarioimagen.net\/index.php?rest_route=\/wp\/v2\/posts\/569732\/revisions"}],"wp:featuredmedia":[{"embeddable":true,"href":"https:\/\/www.diarioimagen.net\/index.php?rest_route=\/wp\/v2\/media\/569790"}],"wp:attachment":[{"href":"https:\/\/www.diarioimagen.net\/index.php?rest_route=%2Fwp%2Fv2%2Fmedia&parent=569732"}],"wp:term":[{"taxonomy":"category","embeddable":true,"href":"https:\/\/www.diarioimagen.net\/index.php?rest_route=%2Fwp%2Fv2%2Fcategories&post=569732"},{"taxonomy":"post_tag","embeddable":true,"href":"https:\/\/www.diarioimagen.net\/index.php?rest_route=%2Fwp%2Fv2%2Ftags&post=569732"}],"curies":[{"name":"wp","href":"https:\/\/api.w.org\/{rel}","templated":true}]}}