{"id":569751,"date":"2022-12-22T00:02:01","date_gmt":"2022-12-22T06:02:01","guid":{"rendered":"https:\/\/www.diarioimagen.net\/?p=569751"},"modified":"2022-12-22T02:49:28","modified_gmt":"2022-12-22T08:49:28","slug":"aventaja-la-morenista-delfina-gomez-en-preferencias-electorales-para-el-edomex","status":"publish","type":"post","link":"https:\/\/www.diarioimagen.net\/?p=569751","title":{"rendered":"Aventaja la morenista Delfina G\u00f3mez en preferencias electorales para el Edomex"},"content":{"rendered":"<p>&nbsp;<\/p>\n<ul>\n<li><em><strong>De cara a la elecci\u00f3n de 2023<\/strong><\/em><\/li>\n<\/ul>\n<p>&nbsp;<\/p>\n<div id=\"attachment_569827\" style=\"width: 470px\" class=\"wp-caption aligncenter\"><a href=\"https:\/\/www.diarioimagen.net\/?attachment_id=569827\" rel=\"attachment wp-att-569827\"><img loading=\"lazy\" decoding=\"async\" aria-describedby=\"caption-attachment-569827\" class=\"size-full wp-image-569827\" src=\"https:\/\/www.diarioimagen.net\/wp-content\/uploads\/2022\/12\/aventaja-morenista.jpg\" alt=\"\" width=\"460\" height=\"270\" \/><\/a><p id=\"caption-attachment-569827\" class=\"wp-caption-text\">Seg\u00fan Parametr\u00eda, Delfina G\u00f3mez aventaja con 23 puntos a la alianza PRI, PAN y PRD que encabezar\u00eda Alejandra Del Moral, que apenas alcanza 35 por ciento.<\/p><\/div>\n<p>&nbsp;<\/p>\n<p><strong>Valle de M\u00e9xico.\u2014<\/strong> Delfina G\u00f3mez \u00c1lvarez (Morena) arrasa en las preferencias electorales para el gobierno del Estado de M\u00e9xico en 2023, de acuerdo con la encuesta publicada por Parametr\u00eda, que le da el 58 por ciento de la intenci\u00f3n de voto con la coalici\u00f3n Morena, PT y Partido Verde.<\/p>\n<p>De acuerdo con la encuesta realizada en vivienda por Parametr\u00eda, la maestra Delfina G\u00f3mez aventaja con 23 puntos a la alianza PRI, PAN y PRD que encabezar\u00eda Alejandra del Moral, que apenas alcanza 35 por ciento de intenci\u00f3n de voto.\u00a0https:\/\/parametria.com.mx\/encuesta-en-vivienda-estado-de-mexico\/<\/p>\n<p>En otro rubro de la encuesta, se detalla que el nivel de conocimiento de la maestra Delfina G\u00f3mez es del 54 por ciento, mientras que el de la posible candidata aliancista solo del 27 por ciento.<\/p>\n<p>Al respecto, Horacio Duarte Olivares retom\u00f3 la encuesta en vivienda y se\u00f1al\u00f3 que \u201clas y los mexiquenses estamos m\u00e1s que preparados para el cambio que viene en el #EstadoDeMexico\u201d.<\/p>\n<p>\u201cNueva encuesta de @Parametria confirma que la maestra @delfinagomeza trae m\u00e1s de 20 puntos de ventaja en #EdoM\u00e9x rumbo a la #BatallaMaestra\u201d, public\u00f3 en sus redes sociales.<\/p>\n","protected":false},"excerpt":{"rendered":"<p>Delfina G\u00f3mez \u00c1lvarez (Morena) arrasa en las preferencias electorales para el gobierno del Estado de M\u00e9xico en 2023, de acuerdo con la encuesta publicada por Parametr\u00eda, que le da el 58 por ciento de la intenci\u00f3n de voto con la coalici\u00f3n Morena, PT y Partido Verde.<\/p>\n","protected":false},"author":3,"featured_media":569827,"comment_status":"open","ping_status":"open","sticky":false,"template":"","format":"standard","meta":{"_monsterinsights_skip_tracking":false,"_monsterinsights_sitenote_active":false,"_monsterinsights_sitenote_note":"","_monsterinsights_sitenote_category":0,"footnotes":""},"categories":[5],"tags":[91,211,362,34],"class_list":["post-569751","post","type-post","status-publish","format-standard","has-post-thumbnail","hentry","category-estado-de-mexico","tag-pan","tag-prd","tag-pri","tag-valle-de-mexico"],"_links":{"self":[{"href":"https:\/\/www.diarioimagen.net\/index.php?rest_route=\/wp\/v2\/posts\/569751","targetHints":{"allow":["GET"]}}],"collection":[{"href":"https:\/\/www.diarioimagen.net\/index.php?rest_route=\/wp\/v2\/posts"}],"about":[{"href":"https:\/\/www.diarioimagen.net\/index.php?rest_route=\/wp\/v2\/types\/post"}],"author":[{"embeddable":true,"href":"https:\/\/www.diarioimagen.net\/index.php?rest_route=\/wp\/v2\/users\/3"}],"replies":[{"embeddable":true,"href":"https:\/\/www.diarioimagen.net\/index.php?rest_route=%2Fwp%2Fv2%2Fcomments&post=569751"}],"version-history":[{"count":0,"href":"https:\/\/www.diarioimagen.net\/index.php?rest_route=\/wp\/v2\/posts\/569751\/revisions"}],"wp:featuredmedia":[{"embeddable":true,"href":"https:\/\/www.diarioimagen.net\/index.php?rest_route=\/wp\/v2\/media\/569827"}],"wp:attachment":[{"href":"https:\/\/www.diarioimagen.net\/index.php?rest_route=%2Fwp%2Fv2%2Fmedia&parent=569751"}],"wp:term":[{"taxonomy":"category","embeddable":true,"href":"https:\/\/www.diarioimagen.net\/index.php?rest_route=%2Fwp%2Fv2%2Fcategories&post=569751"},{"taxonomy":"post_tag","embeddable":true,"href":"https:\/\/www.diarioimagen.net\/index.php?rest_route=%2Fwp%2Fv2%2Ftags&post=569751"}],"curies":[{"name":"wp","href":"https:\/\/api.w.org\/{rel}","templated":true}]}}