{"id":569755,"date":"2022-12-22T00:01:42","date_gmt":"2022-12-22T06:01:42","guid":{"rendered":"https:\/\/www.diarioimagen.net\/?p=569755"},"modified":"2022-12-22T02:50:00","modified_gmt":"2022-12-22T08:50:00","slug":"autoridades-fomentan-valores-y-habitos-para-mejorar-cuidado-del-agua-en-cuautitlan-izcalli","status":"publish","type":"post","link":"https:\/\/www.diarioimagen.net\/?p=569755","title":{"rendered":"Autoridades fomentan valores y h\u00e1bitos para mejorar cuidado del agua, en Cuautitl\u00e1n Izcalli"},"content":{"rendered":"<p>&nbsp;<\/p>\n<ul>\n<li><em><strong>Operagua capacita a la poblaci\u00f3n<\/strong><\/em><\/li>\n<\/ul>\n<p>&nbsp;<\/p>\n<div id=\"attachment_569829\" style=\"width: 470px\" class=\"wp-caption aligncenter\"><a href=\"https:\/\/www.diarioimagen.net\/?attachment_id=569829\" rel=\"attachment wp-att-569829\"><img loading=\"lazy\" decoding=\"async\" aria-describedby=\"caption-attachment-569829\" class=\"size-full wp-image-569829\" src=\"https:\/\/www.diarioimagen.net\/wp-content\/uploads\/2022\/12\/autoridades-fomentan.jpg\" alt=\"\" width=\"460\" height=\"270\" \/><\/a><p id=\"caption-attachment-569829\" class=\"wp-caption-text\">Operagua capacita a la poblaci\u00f3n sobre la cultura del agua para crear conciencia y mejorar su calidad de vida motivando el ahorro y su correcta utilizaci\u00f3n.<\/p><\/div>\n<p>&nbsp;<\/p>\n<p><strong>Cuautitl\u00e1n Izcalli, Estado de M\u00e9xico.\u2014<\/strong> Para crear una conciencia responsable sobre el uso racional del agua, el Organismo P\u00fablico Descentralizado Municipal para la Prestaci\u00f3n de los Servicios de Agua Potable, Alcantarillado y Saneamiento (Operagua), a trav\u00e9s del departamento de Comunicaci\u00f3n Social y Cultura del Agua, capacitaron durante este a\u00f1o a m\u00e1s de 14 mil personas, sensibiliz\u00e1ndolas sobre la problem\u00e1tica y los procesos que se llevan a cabo para que el agua llegue a sus hogares y empresas.<\/p>\n<p>Para Operagua, capacitar a la poblaci\u00f3n sobre la cultura del agua, adem\u00e1s de crear conciencia busca mejorar su calidad de vida motivando el ahorro del agua, su correcta utilizaci\u00f3n y una mayor participaci\u00f3n.<\/p>\n<p>En este sentido, fueron atendidos siete mil 035 estudiantes de los diferentes niveles educativos, cuatro mil 447 vecinos en 59 jornadas de servicios y dos mil 831 ciudadanos en seis eventos realizados y se impartieron 384 pl\u00e1ticas sobre el conjunto de valores, actitudes, costumbres y h\u00e1bitos que son transmitidos para crear una conciencia responsable sobre el cuidado del recurso h\u00eddrico, adem\u00e1s de dotarlos de informaci\u00f3n sobre las acciones que se llevan a cabo para obtenerla, distribuirla, desalojarla, limpiarla y reutilizarla.<\/p>\n<p>El gobierno municipal que preside Karla Fiesco Garc\u00eda, a trav\u00e9s del Organismo que encabeza Mauricio Juan Ram\u00edrez Rosaldo, trabaja de manera cercana a la sociedad logrando incentivar y concientizar a 14 mil 313 personas, en temas como la recarga de los mantos acu\u00edferos y la conservaci\u00f3n de la calidad del agua.<\/p>\n<p>Si hay inter\u00e9s en recibir una pl\u00e1tica por parte del \u00e1rea de Cultura del Agua, sobre la concientizaci\u00f3n y uso racional del agua, en tu escuela o empresa, se puede contactar al siguiente tel\u00e9fono 58640434 ext. 1204 o bien escribir en redes oficiales: https:\/\/www.facebook.com\/OperaguaIzcalliOPDM<\/p>\n","protected":false},"excerpt":{"rendered":"<p>Para crear una conciencia responsable sobre el uso racional del agua, el Organismo P\u00fablico Descentralizado Municipal para la Prestaci\u00f3n de los Servicios de Agua Potable, Alcantarillado y Saneamiento (Operagua), a trav\u00e9s del departamento de Comunicaci\u00f3n Social y Cultura del Agua, capacitaron durante este a\u00f1o a m\u00e1s de 14 mil personas, sensibiliz\u00e1ndolas sobre la problem\u00e1tica y los procesos que se llevan a cabo para que el agua llegue a sus hogares y empresas.<\/p>\n","protected":false},"author":3,"featured_media":569829,"comment_status":"open","ping_status":"open","sticky":false,"template":"","format":"standard","meta":{"_monsterinsights_skip_tracking":false,"_monsterinsights_sitenote_active":false,"_monsterinsights_sitenote_note":"","_monsterinsights_sitenote_category":0,"footnotes":""},"categories":[5],"tags":[971,43675,87703],"class_list":["post-569755","post","type-post","status-publish","format-standard","has-post-thumbnail","hentry","category-estado-de-mexico","tag-cuautitlan-izcalli","tag-estado-de-mexico","tag-operagua"],"_links":{"self":[{"href":"https:\/\/www.diarioimagen.net\/index.php?rest_route=\/wp\/v2\/posts\/569755","targetHints":{"allow":["GET"]}}],"collection":[{"href":"https:\/\/www.diarioimagen.net\/index.php?rest_route=\/wp\/v2\/posts"}],"about":[{"href":"https:\/\/www.diarioimagen.net\/index.php?rest_route=\/wp\/v2\/types\/post"}],"author":[{"embeddable":true,"href":"https:\/\/www.diarioimagen.net\/index.php?rest_route=\/wp\/v2\/users\/3"}],"replies":[{"embeddable":true,"href":"https:\/\/www.diarioimagen.net\/index.php?rest_route=%2Fwp%2Fv2%2Fcomments&post=569755"}],"version-history":[{"count":0,"href":"https:\/\/www.diarioimagen.net\/index.php?rest_route=\/wp\/v2\/posts\/569755\/revisions"}],"wp:featuredmedia":[{"embeddable":true,"href":"https:\/\/www.diarioimagen.net\/index.php?rest_route=\/wp\/v2\/media\/569829"}],"wp:attachment":[{"href":"https:\/\/www.diarioimagen.net\/index.php?rest_route=%2Fwp%2Fv2%2Fmedia&parent=569755"}],"wp:term":[{"taxonomy":"category","embeddable":true,"href":"https:\/\/www.diarioimagen.net\/index.php?rest_route=%2Fwp%2Fv2%2Fcategories&post=569755"},{"taxonomy":"post_tag","embeddable":true,"href":"https:\/\/www.diarioimagen.net\/index.php?rest_route=%2Fwp%2Fv2%2Ftags&post=569755"}],"curies":[{"name":"wp","href":"https:\/\/api.w.org\/{rel}","templated":true}]}}