{"id":569861,"date":"2022-12-23T00:03:28","date_gmt":"2022-12-23T06:03:28","guid":{"rendered":"https:\/\/www.diarioimagen.net\/?p=569861"},"modified":"2023-01-02T03:54:39","modified_gmt":"2023-01-02T09:54:39","slug":"la-inflacion-repunta-a-unos-dias-de-celebrar-la-navidad","status":"publish","type":"post","link":"https:\/\/www.diarioimagen.net\/?p=569861","title":{"rendered":"La inflaci\u00f3n repunta a unos d\u00edas de celebrar la Navidad"},"content":{"rendered":"<p>&nbsp;<\/p>\n<h3 style=\"text-align: center;\">Reporte quincenal del Inegi<\/h3>\n<p>&nbsp;<\/p>\n<ul>\n<li><strong><em>Chile serrano, el que m\u00e1s subi\u00f3 en los primeros d\u00edas de diciembre<\/em><\/strong><\/li>\n<\/ul>\n<p>&nbsp;<\/p>\n<div id=\"attachment_569956\" style=\"width: 470px\" class=\"wp-caption aligncenter\"><a href=\"https:\/\/www.diarioimagen.net\/?attachment_id=569956\" rel=\"attachment wp-att-569956\"><img loading=\"lazy\" decoding=\"async\" aria-describedby=\"caption-attachment-569956\" class=\"size-full wp-image-569956\" src=\"https:\/\/www.diarioimagen.net\/wp-content\/uploads\/2022\/12\/INFLACION.jpg\" alt=\"\" width=\"460\" height=\"270\" \/><\/a><p id=\"caption-attachment-569956\" class=\"wp-caption-text\">A unos d\u00edas de la cena de Navidad, la peor carest\u00eda se dio en los alimentos y el que que m\u00e1s subi\u00f3 fue el chile serrano, cuyo precio se increment\u00f3 70%.<\/p><\/div>\n<p>&nbsp;<\/p>\n<p>La inflaci\u00f3n repunt\u00f3 a 7.8 por ciento y rompi\u00f3 una racha de seis quincenas a la baja, de acuerdo con la informaci\u00f3n que el Instituto Nacional de Estad\u00edstica y Geograf\u00eda (Inegi)dio a conocer ayer.<\/p>\n<p>Se trata del primer repunte inflacionario tras alcanzar un pico de 8.8% en la segunda mitad de agosto y comenzar a disminuir a partir de entonces. La inflaci\u00f3n es conocida como el impuesto de los pobres por da\u00f1ar m\u00e1s a quienes menos tienen.<\/p>\n<p>La carest\u00eda no hab\u00eda sido superior a 7% en una primera quincena de diciembre desde hace 22 a\u00f1os.<\/p>\n<p>El informe del jueves se encontr\u00f3 casi en l\u00ednea con lo previsto por las 30 instituciones financieras consultadas por CitiBanamex esta semana.<\/p>\n<p>A unos d\u00edas de la cena de Navidad, la peor carest\u00eda se dio en los alimentos y el que que m\u00e1s subi\u00f3 fue el chile serrano, cuyo precio se increment\u00f3 70%; seguido de la naranja, con un aumento de 40.3%; y la papa, 35.1%, seg\u00fan la instituci\u00f3n.<\/p>\n<p>Tras el informe de inflaci\u00f3n, el peso se mantuvo estable en 19.68 unidades por d\u00f3lar, apenas dos centavos por arriba del nivel de cierre de ayer, indican las operaciones al mayoreo publicadas por la agencia Bloomberg.<\/p>\n<p>Analistas consultados por CitiBanamex esperan que el Banco de M\u00e9xico (Banxico) subir\u00e1 su principal tasa de inter\u00e9s de 10.5% a 10.75% para el 9 de febrero del pr\u00f3ximo a\u00f1o a fin de contener la inflaci\u00f3n y sus expectativas.<\/p>\n<p>El art\u00edculo 28 de la Constituci\u00f3n establece que Banxico tiene como objetivo prioritario \u201cprocurar la estabilidad del poder adquisitivo de la moneda nacional\u201d, es decir, la estabilidad de precios o una inflaci\u00f3n baja.<\/p>\n<p>Sin embargo, desde hace casi dos a\u00f1os, la inflaci\u00f3n se mantiene arriba de 4%, considerado el rango m\u00e1ximo de tolerancia de Banxico.<\/p>\n","protected":false},"excerpt":{"rendered":"<p>La inflaci\u00f3n repunt\u00f3 a 7.8 por ciento y rompi\u00f3 una racha de seis quincenas a la baja, de acuerdo con la informaci\u00f3n que el Instituto Nacional de Estad\u00edstica y Geograf\u00eda (Inegi)dio a conocer ayer.<\/p>\n","protected":false},"author":3,"featured_media":569956,"comment_status":"open","ping_status":"open","sticky":false,"template":"","format":"standard","meta":{"_monsterinsights_skip_tracking":false,"_monsterinsights_sitenote_active":false,"_monsterinsights_sitenote_note":"","_monsterinsights_sitenote_category":0,"footnotes":""},"categories":[8],"tags":[84924,105,91548],"class_list":["post-569861","post","type-post","status-publish","format-standard","has-post-thumbnail","hentry","category-finanzas","tag-celebrar","tag-navidad","tag-repunta"],"_links":{"self":[{"href":"https:\/\/www.diarioimagen.net\/index.php?rest_route=\/wp\/v2\/posts\/569861","targetHints":{"allow":["GET"]}}],"collection":[{"href":"https:\/\/www.diarioimagen.net\/index.php?rest_route=\/wp\/v2\/posts"}],"about":[{"href":"https:\/\/www.diarioimagen.net\/index.php?rest_route=\/wp\/v2\/types\/post"}],"author":[{"embeddable":true,"href":"https:\/\/www.diarioimagen.net\/index.php?rest_route=\/wp\/v2\/users\/3"}],"replies":[{"embeddable":true,"href":"https:\/\/www.diarioimagen.net\/index.php?rest_route=%2Fwp%2Fv2%2Fcomments&post=569861"}],"version-history":[{"count":0,"href":"https:\/\/www.diarioimagen.net\/index.php?rest_route=\/wp\/v2\/posts\/569861\/revisions"}],"wp:featuredmedia":[{"embeddable":true,"href":"https:\/\/www.diarioimagen.net\/index.php?rest_route=\/wp\/v2\/media\/569956"}],"wp:attachment":[{"href":"https:\/\/www.diarioimagen.net\/index.php?rest_route=%2Fwp%2Fv2%2Fmedia&parent=569861"}],"wp:term":[{"taxonomy":"category","embeddable":true,"href":"https:\/\/www.diarioimagen.net\/index.php?rest_route=%2Fwp%2Fv2%2Fcategories&post=569861"},{"taxonomy":"post_tag","embeddable":true,"href":"https:\/\/www.diarioimagen.net\/index.php?rest_route=%2Fwp%2Fv2%2Ftags&post=569861"}],"curies":[{"name":"wp","href":"https:\/\/api.w.org\/{rel}","templated":true}]}}