{"id":569881,"date":"2022-12-23T00:04:46","date_gmt":"2022-12-23T06:04:46","guid":{"rendered":"https:\/\/www.diarioimagen.net\/?p=569881"},"modified":"2022-12-23T03:39:50","modified_gmt":"2022-12-23T09:39:50","slug":"realizan-operativo-invernal-2022-en-huixquilucan","status":"publish","type":"post","link":"https:\/\/www.diarioimagen.net\/?p=569881","title":{"rendered":"Realizan Operativo Invernal 2022\u00a0en Huixquilucan"},"content":{"rendered":"<p>&nbsp;<\/p>\n<p><a href=\"https:\/\/www.diarioimagen.net\/?attachment_id=569972\" rel=\"attachment wp-att-569972\"><img loading=\"lazy\" decoding=\"async\" class=\"aligncenter size-full wp-image-569972\" src=\"https:\/\/www.diarioimagen.net\/wp-content\/uploads\/2022\/12\/realizan-operativo.jpg\" alt=\"\" width=\"460\" height=\"270\" \/><\/a><\/p>\n<p>&nbsp;<\/p>\n<p><strong>Huixquilucan, Estado de M\u00e9xico.\u2014 <\/strong>El gobierno de Huixquilucan, a trav\u00e9s de la Coordinaci\u00f3n Municipal de Protecci\u00f3n Civil, realiza el Operativo Invernal 2022, con el objetivo de prevenir riesgos para la poblaci\u00f3n, ante la presencia de bajas temperaturas que se registran en esta temporada del a\u00f1o, principalmente, en las zonas altas del municipio.<\/p>\n<p>La alcaldesa Romina Contreras Carrasco detall\u00f3 que dicho operativo estar\u00e1 vigente desde el 21 de diciembre y hasta finales de marzo, con el prop\u00f3sito de procurar la salud de las y los huixquiluquenses, ya que las bajas temperaturas en el municipio se extienden hasta el primer trimestre del a\u00f1o y, en algunos puntos, el term\u00f3metro llega a marcar entre cero y cinco grados Celsius.<\/p>\n","protected":false},"excerpt":{"rendered":"<p>El gobierno de Huixquilucan, a trav\u00e9s de la Coordinaci\u00f3n Municipal de Protecci\u00f3n Civil, realiza el Operativo Invernal 2022, con el objetivo de prevenir riesgos para la poblaci\u00f3n, ante la presencia de bajas temperaturas que se registran en esta temporada del a\u00f1o, principalmente, en las zonas altas del municipio.<\/p>\n","protected":false},"author":3,"featured_media":569972,"comment_status":"open","ping_status":"open","sticky":false,"template":"","format":"standard","meta":{"_monsterinsights_skip_tracking":false,"_monsterinsights_sitenote_active":false,"_monsterinsights_sitenote_note":"","_monsterinsights_sitenote_category":0,"footnotes":""},"categories":[5],"tags":[1097,97083],"class_list":["post-569881","post","type-post","status-publish","format-standard","has-post-thumbnail","hentry","category-estado-de-mexico","tag-huixquilucan","tag-operativo-invernal"],"_links":{"self":[{"href":"https:\/\/www.diarioimagen.net\/index.php?rest_route=\/wp\/v2\/posts\/569881","targetHints":{"allow":["GET"]}}],"collection":[{"href":"https:\/\/www.diarioimagen.net\/index.php?rest_route=\/wp\/v2\/posts"}],"about":[{"href":"https:\/\/www.diarioimagen.net\/index.php?rest_route=\/wp\/v2\/types\/post"}],"author":[{"embeddable":true,"href":"https:\/\/www.diarioimagen.net\/index.php?rest_route=\/wp\/v2\/users\/3"}],"replies":[{"embeddable":true,"href":"https:\/\/www.diarioimagen.net\/index.php?rest_route=%2Fwp%2Fv2%2Fcomments&post=569881"}],"version-history":[{"count":0,"href":"https:\/\/www.diarioimagen.net\/index.php?rest_route=\/wp\/v2\/posts\/569881\/revisions"}],"wp:featuredmedia":[{"embeddable":true,"href":"https:\/\/www.diarioimagen.net\/index.php?rest_route=\/wp\/v2\/media\/569972"}],"wp:attachment":[{"href":"https:\/\/www.diarioimagen.net\/index.php?rest_route=%2Fwp%2Fv2%2Fmedia&parent=569881"}],"wp:term":[{"taxonomy":"category","embeddable":true,"href":"https:\/\/www.diarioimagen.net\/index.php?rest_route=%2Fwp%2Fv2%2Fcategories&post=569881"},{"taxonomy":"post_tag","embeddable":true,"href":"https:\/\/www.diarioimagen.net\/index.php?rest_route=%2Fwp%2Fv2%2Ftags&post=569881"}],"curies":[{"name":"wp","href":"https:\/\/api.w.org\/{rel}","templated":true}]}}