{"id":570016,"date":"2023-01-02T00:01:05","date_gmt":"2023-01-02T06:01:05","guid":{"rendered":"https:\/\/www.diarioimagen.net\/?p=570016"},"modified":"2023-01-02T04:06:22","modified_gmt":"2023-01-02T10:06:22","slug":"bienvenido-2023-hagamos-de-cada-uno-de-los-365-dias-nuevas-historias","status":"publish","type":"post","link":"https:\/\/www.diarioimagen.net\/?p=570016","title":{"rendered":"Bienvenido 2023, hagamos de cada uno de los 365 d\u00edas nuevas historias"},"content":{"rendered":"<h2>De cinco estrellas<\/h2>\n<h5>Victoria Gonz\u00e1lez Prado<\/h5>\n<p>&nbsp;<\/p>\n<ul>\n<li><strong><em>Intermoda se llevar\u00e1 a cabo del 17 al 20 de enero, en expo Guadalajara<\/em><\/strong><\/li>\n<li><strong><em>Grupo Brisas invit\u00f3 a despedir el a\u00f1o viendo el partido M\u00e9xico-Polonia<\/em><\/strong><\/li>\n<li><strong><em>La AFEET vot\u00f3 por la nueva mesa directiva, adem\u00e1s, \u201cDe coraz\u00f3n a coraz\u00f3n\u201d se habl\u00f3 del c\u00e1ncer de mama<\/em><\/strong><\/li>\n<\/ul>\n<p>&nbsp;<\/p>\n<div id=\"attachment_570047\" style=\"width: 470px\" class=\"wp-caption aligncenter\"><a href=\"https:\/\/www.diarioimagen.net\/?attachment_id=570047\" rel=\"attachment wp-att-570047\"><img loading=\"lazy\" decoding=\"async\" aria-describedby=\"caption-attachment-570047\" class=\"size-full wp-image-570047\" src=\"https:\/\/www.diarioimagen.net\/wp-content\/uploads\/2023\/01\/turismo.jpg\" alt=\"\" width=\"460\" height=\"270\" \/><\/a><p id=\"caption-attachment-570047\" class=\"wp-caption-text\">Tenemos 365 d\u00edas para escribir nuevas historias.<\/p><\/div>\n<p>&nbsp;<\/p>\n<p>Ya lleg\u00f3 2023 y con este nuevo a\u00f1o la esperanza de hacer de cada d\u00eda una nueva historia llena de salud, \u00e1nimo, entrega, lucha y mucho amor.<\/p>\n<p>En 2022 se nos quedaron, como casi todos los a\u00f1os, montones de historias sin contar as\u00ed que en estos primeros d\u00edas del A\u00f1o Nuevo retomar\u00e9 lo que se qued\u00f3 en el tintero. Y empezar\u00e9 por contarles que la 78 edici\u00f3n de Intermoda, se llevar\u00e1 a cabo del 17 al 20 de enero, en Expo Guadalajara, donde se espera la asistencia de 21 mil compradores mayoristas, los cuales podr\u00e1n visitar 12 pabellones instalados en 45 mil metros cuadrados y contar\u00e1n con mil 400 stands de mil marcas, inform\u00f3 el presidente de Intermoda <strong>Jorge Castellanos<\/strong>.<\/p>\n<p>Cabe destacar que en esta versi\u00f3n se contar\u00e1 con nuevo pabell\u00f3n: \u201cFabricantes y Maquila de M\u00e9xico\u201d, con el objetivo impulsar a los productores e integrarlos a los diversos mercados internacionales para darle impulso a la industria de la moda en M\u00e9xico.<\/p>\n<p>En esta ocasi\u00f3n se espera la asistencia de compradores de 18 pa\u00edses, con lo cual Intermoda seguir\u00e1 consolid\u00e1ndose como el principal impulsor de la moda en M\u00e9xico. Y Castellanos destac\u00f3 que en las \u00faltimas cuatro ediciones, se ha dado gran impulso a los emprendedores, para que los nuevos talentos se incorporen al mercado formal.<\/p>\n<p>Cabe destacar que la exportaci\u00f3n de ropa fabricada en M\u00e9xico es actualmente de 7 mil 700 millones de d\u00f3lares. M\u00e9xico ocupa el lugar 16 en exportaci\u00f3n de prendas de vestir en el mundo, generando alrededor de 300 mil empleos directos, formales, la mayor\u00eda son ocupados por mujeres jefas de familia.<\/p>\n<p>\u2730\u2730\u2730\u2730\u2730 Con la intenci\u00f3n de despedir el a\u00f1o 2022, dar la bienvenida al nuevo ciclo y, de paso, apoyar a la Selecci\u00f3n Mexicana en el primer partido en Qatar \u2013M\u00e9xico-Polonia\u2013, Grupo Brisas organiz\u00f3 desayuno en uno de los salones del hotel Galer\u00eda Plaza Reforma donde colocaron enorme pantalla para disfrutar del partido de f\u00fatbol.<\/p>\n<p>Para dar la bienvenida estuvieron <strong>Luis<\/strong> <strong>Ignacio G\u00f3mez<\/strong>, director corporativo de Ventas y Mercadotecnia de Grupo Brisas; <strong>Rafael Gonz\u00e1lez Aburto<\/strong>, gerente general del hotel en San Jer\u00f3nimo y <strong>Rub\u00e9n Rosales del Valle<\/strong>, gerente general del hotel en la calle de Hamburgo.<\/p>\n<p>Antes de iniciar el partido, <strong>Ignacio G\u00f3mez<\/strong>, hizo uso de la palabra y agradeci\u00f3 \u2013a nombre de los anfitriones\u2013 el apoyo diferentes medios de informaci\u00f3n el apoyo brindado por los distintos medios de comunicaci\u00f3n ah\u00ed reunidos.<\/p>\n<p>\u201cMuchas gracias a todos por su apoyo durante todo este tiempo de pandemia. Hab\u00edamos estado lejos, pero esta es la oportunidad para reencontrarnos. Les agradecemos por aceptar la invitaci\u00f3n y estar aqu\u00ed para darle \u00e1nimo a M\u00e9xico y despedir el a\u00f1o 2022. Grupo Brisas les abre los brazos y les aprecia mucho\u201d.<\/p>\n<p>Cabe recordar que el grupo hotelero recibe su nombre del famoso Resort Las Brisas Acapulco, joya de mediados de siglo pasado que marc\u00f3 los est\u00e1ndares de lujo y excelencia de la hospitalidad mexicana; cada hotel de la colecci\u00f3n ofrece un ejemplar \u00fanico de aut\u00e9ntico esp\u00edritu mexicano.\u00a0Cuenta con tres marcas insignia: <em>Nizuc Resort &amp; Spa<\/em>, Las Brisas y Galer\u00eda Plaza. Las tres divisiones logran conjuntar un amplio abanico de productos y servicios de lujo en los principales destinos de la Rep\u00fablica Mexicana, con un total de 2 mil 889 habitaciones, ofrece los m\u00e1s altos est\u00e1ndares a nivel mundial.<\/p>\n<p>\u2730\u2730\u2730\u2730\u2730 Durante la junta mensual reglamentaria de la Asociaci\u00f3n de Ejecutivas de Empresas Tur\u00edsticas (AFEET), que dirige <strong>Mariana P\u00e9rez<\/strong>, fue organizado el panel en el que expertas en la prevenci\u00f3n y tratamiento del c\u00e1ncer de mama dieron a conocer detalles del padecimiento y prevenci\u00f3n con el apoyo de <strong>Ruth Leal<\/strong>, directora comercial de <em>Discover Cruises M\u00e9xico<\/em> (<em>Cunard<\/em> y <em>Princess<\/em>) al presentar la campa\u00f1a \u201cDe coraz\u00f3n a coraz\u00f3n\u201d para la\u00a0lucha contra el c\u00e1ncer de mama.<\/p>\n<p>En en el panel se cont\u00f3 con la participaci\u00f3n de <strong>Laura Fernanda Lima Soto<\/strong>, psicoterapeuta cl\u00ednica; la doctora <strong>Gabriela Olivia Regalado Porras<\/strong>, miembro del cuerpo m\u00e9dico del Centro M\u00e9dico ABC; <strong>Erika Ort\u00edz Flores<\/strong>, directora ejecutiva de la Fundaci\u00f3n Centro Oncol\u00f3gico Internacional (COI); y <strong>Sylvia Esquivel<\/strong>, directora de Viajes Palacio.<\/p>\n<p>Las especialistas destacaron la importancia de la detecci\u00f3n a tiempo, tratamientos, salud f\u00edsica y mental, temas para guiar a las mujeres que est\u00e9n en ese proceso o para apoyar a alg\u00fan familiar.<\/p>\n<p>Al concluir el panel, <strong>Ruth Leal<\/strong>, anunci\u00f3 que 1 por ciento de las ventas generadas de <em>Princess Cruises<\/em> a trav\u00e9s de las agencias de viajes, de diciembre a enero, se destinar\u00e1n a la Fundaci\u00f3n COI para contribuir a la lucha contra este padecimiento.<\/p>\n<p>De la informaci\u00f3n dada a conocer cabe se\u00f1alar que en Am\u00e9rica Latina \u2013y el mundo\u2013 el c\u00e1ncer representa la segunda causa de muerte. Pocas son las instituciones de salud que tienen la misi\u00f3n de ayudar a pacientes de escasos recursos con c\u00e1ncer.<\/p>\n<p>En M\u00e9xico, la Fundaci\u00f3n COI \u2013brazo asistencial del Centro Oncol\u00f3gico Internacional\u2013, fundaci\u00f3n sin fines de lucro, comprometida con la atenci\u00f3n integral y de calidad para pacientes de c\u00e1ncer de escasos recursos en el pa\u00eds, asegura condiciones de alta especialidad y calidad en el tratamiento. Tiene como misi\u00f3n ayudar con atenci\u00f3n de calidad a pacientes oncol\u00f3gicos de bajos recursos con modelo integral. La fundaci\u00f3n tiene presencia en la Ciudad de M\u00e9xico y Guadalajara y Tijuana. La metodolog\u00eda de atenci\u00f3n al paciente est\u00e1 basada en tendencias modernas de cuidado del paciente y se centra en cinco pilares de atenci\u00f3n, comenzando por la detecci\u00f3n. Sin embargo la atenci\u00f3n integral de los pacientes incluye (adem\u00e1s de su tratamiento) reg\u00edmenes nutricionales, psicol\u00f3gicos, rehabilitaci\u00f3n y hasta de transporte.<\/p>\n<p>Por \u00faltimo, las socias de la AFEET votaron para la elecci\u00f3n de la nueva mesa directiva para el periodo 2023\/2024 que ser\u00e1 encabezado por <strong>Karin Baldamus<\/strong>.<\/p>\n<p>&nbsp;<\/p>\n<blockquote>\n<p style=\"text-align: right;\">\u201c<strong>El<\/strong> <strong>\u00e1ngel de la fama tiene sus alas hechas de papel&#8230; peri\u00f3dico\u201d.<br \/>\n<\/strong><\/p>\n<\/blockquote>\n<p>&nbsp;<\/p>\n<p><em><span class=\"Apple-converted-space\"><a href=\"mailto:victoriagprado@gmail.com\" target=\"_blank\" rel=\"noopener noreferrer\">victoriagprado@gmail.com<\/a><br \/>\nTwitter: <a href=\"https:\/\/twitter.com\/victoriagprado\" target=\"_blank\" rel=\"noopener noreferrer\">@victoriagprado<\/a><\/span><\/em><\/p>\n","protected":false},"excerpt":{"rendered":"<p>Ya lleg\u00f3 2023 y con este nuevo a\u00f1o la esperanza de hacer de cada d\u00eda una nueva historia llena de salud, \u00e1nimo, entrega, lucha y mucho amor.<\/p>\n","protected":false},"author":3,"featured_media":570047,"comment_status":"open","ping_status":"open","sticky":false,"template":"","format":"standard","meta":{"_monsterinsights_skip_tracking":false,"_monsterinsights_sitenote_active":false,"_monsterinsights_sitenote_note":"","_monsterinsights_sitenote_category":0,"footnotes":""},"categories":[11],"tags":[107,43674,43681,106],"class_list":["post-570016","post","type-post","status-publish","format-standard","has-post-thumbnail","hentry","category-turismo","tag-de-cinco-estrellas","tag-opinion","tag-turismo","tag-victoria-gonzalez-prado"],"_links":{"self":[{"href":"https:\/\/www.diarioimagen.net\/index.php?rest_route=\/wp\/v2\/posts\/570016","targetHints":{"allow":["GET"]}}],"collection":[{"href":"https:\/\/www.diarioimagen.net\/index.php?rest_route=\/wp\/v2\/posts"}],"about":[{"href":"https:\/\/www.diarioimagen.net\/index.php?rest_route=\/wp\/v2\/types\/post"}],"author":[{"embeddable":true,"href":"https:\/\/www.diarioimagen.net\/index.php?rest_route=\/wp\/v2\/users\/3"}],"replies":[{"embeddable":true,"href":"https:\/\/www.diarioimagen.net\/index.php?rest_route=%2Fwp%2Fv2%2Fcomments&post=570016"}],"version-history":[{"count":0,"href":"https:\/\/www.diarioimagen.net\/index.php?rest_route=\/wp\/v2\/posts\/570016\/revisions"}],"wp:featuredmedia":[{"embeddable":true,"href":"https:\/\/www.diarioimagen.net\/index.php?rest_route=\/wp\/v2\/media\/570047"}],"wp:attachment":[{"href":"https:\/\/www.diarioimagen.net\/index.php?rest_route=%2Fwp%2Fv2%2Fmedia&parent=570016"}],"wp:term":[{"taxonomy":"category","embeddable":true,"href":"https:\/\/www.diarioimagen.net\/index.php?rest_route=%2Fwp%2Fv2%2Fcategories&post=570016"},{"taxonomy":"post_tag","embeddable":true,"href":"https:\/\/www.diarioimagen.net\/index.php?rest_route=%2Fwp%2Fv2%2Ftags&post=570016"}],"curies":[{"name":"wp","href":"https:\/\/api.w.org\/{rel}","templated":true}]}}