{"id":570021,"date":"2023-01-02T00:03:16","date_gmt":"2023-01-02T06:03:16","guid":{"rendered":"https:\/\/www.diarioimagen.net\/?p=570021"},"modified":"2023-01-02T03:32:12","modified_gmt":"2023-01-02T09:32:12","slug":"edomex-esta-semana-la-coalicion","status":"publish","type":"post","link":"https:\/\/www.diarioimagen.net\/?p=570021","title":{"rendered":"Edomex, esta semana la coalici\u00f3n"},"content":{"rendered":"<h2>Espacio Electoral<\/h2>\n<h5>Eleazar Flores<\/h5>\n<p>&nbsp;<\/p>\n<p><strong>\u00bfY ANA LILIA AP\u00c1?-.<\/strong>\u00a0 El 16 de diciembre, la diputada federal Ana Lilia Herrera Anzaldo se sum\u00f3 p\u00fablicamente a la campa\u00f1a de la \u201cdefensora del estado\u201d Alejandra Del Moral, de hecho, candidata priista al gobierno mexiquense, con el apoyo de panistas y perredistas.<\/p>\n<p>De entonces a la fecha, Alejandra y el presidente tricolor Eric Sevilla celebraron y presidieron una decena de eventos en Toluca y distintos municipios\u2026 pero Ana Lilia brill\u00f3 por su ausencia.<\/p>\n<p>Con tiempos fatales marcados por el calendario electoral, esta semana -de hoy al 7 del presente- se tendr\u00e1 que registrar primero ante el partido y con el aval de las dirigencias de los institutos aliados, PAN y PRD, la candidatura de Alejandra Del Moral, esperando que para la ceremonia protocolaria ya est\u00e9 acompa\u00f1ada de la flamante delegada del CEN del PRI, Ana Lilia Herrera.<\/p>\n<p>Entre tanto, la diputada local Alejandra del Moral Vela ha intensificado su promoci\u00f3n, cuando menos exterior, recurriendo a los tradicionales, pero efectivo espectaculares, cuyo retrato ha sido tapizado a la vera de las principales vialidades del valle de Toluca, apareciendo en la portada de la revista <em>Mundo Ejecutivo<\/em>, por si alguien est\u00e1 pendiente de la fiscalizaci\u00f3n.<\/p>\n<p>Sin embargo a nivel interno sigue la inquietud de las \u201cfuerzas vivas\u201d tricolores, dado que a la flamante delegada del Comit\u00e9 Ejecutivo Nacional del PRI, Ana Lilia Herrera Anzaldo, no se le ha vuelto a ver, luego de protestar al cargo, teniendo como \u00fanico ex gobernador presente en el evento al licenciado Arturo Montiel Rojas.<\/p>\n<p>Obedeciendo indicaciones de sus dirigentes nacionales partidistas, los presidentes estatales de Acci\u00f3n Nacional y partido de la Revoluci\u00f3n Democr\u00e1tica, han aceptado sumarse a la campa\u00f1a de Alejandra del Moral Vela, tranquilizando de esta forma las ansias de novillero del panista de Huixquilucan, Enrique Vargas, a quien a cambio le dar\u00e1n la candidatura plurinominal a una senadur\u00eda.<\/p>\n<p>En otros campos partidistas, los delegados regionales, entre los que destacan por su experiencia Jos\u00e9 Manzur Quiroga y Carolina Monroy Del Mazo, reinician sus tareas en las zonas geogr\u00e1ficas que se les asignaron, con la abierta intenci\u00f3n de levantar los \u00e1nimos de la militancia, vigilada muy cerca por los dirigentes de Morena.<\/p>\n<p>Esta vigilancia, aun cuando no se acepte, es la que disminuye el entusiasmo de las huestes, pues algunos o mucho de ellos han sido cooptados por Movimiento de Regeneraci\u00f3n Nacional, por medio de los programas sociales del gobierno federal en el estado de M\u00e9xico, que est\u00e1n en su m\u00e1ximo dinamismo.<\/p>\n<p>En cuanto a los ajustes en el gobierno estatal y en algunas \u00e1reas del Comit\u00e9 Directivo Estatal del PRI, se dar\u00e1n en los pr\u00f3ximos diez d\u00edas.<\/p>\n<p>&nbsp;<\/p>\n<blockquote><p>Gracias al jefe, por su generosidad y apoyo vacacional.<\/p><\/blockquote>\n<p>&nbsp;<\/p>\n<p><em><a href=\"mailto:elefa44@gmail.com\" target=\"_blank\" rel=\"noopener noreferrer\">lefa44@gmail.com<\/a><\/em><\/p>\n","protected":false},"excerpt":{"rendered":"<p><span style=\"color: #005497;\"><strong>Eleazar Flores<\/strong><\/span><\/p>\n","protected":false},"author":3,"featured_media":0,"comment_status":"open","ping_status":"open","sticky":false,"template":"","format":"standard","meta":{"_monsterinsights_skip_tracking":false,"_monsterinsights_sitenote_active":false,"_monsterinsights_sitenote_note":"","_monsterinsights_sitenote_category":0,"footnotes":""},"categories":[81743],"tags":[81744,81776,43674],"class_list":["post-570021","post","type-post","status-publish","format-standard","hentry","category-eleazar-flores","tag-eleazar-flores","tag-espacio-electoral","tag-opinion"],"_links":{"self":[{"href":"https:\/\/www.diarioimagen.net\/index.php?rest_route=\/wp\/v2\/posts\/570021","targetHints":{"allow":["GET"]}}],"collection":[{"href":"https:\/\/www.diarioimagen.net\/index.php?rest_route=\/wp\/v2\/posts"}],"about":[{"href":"https:\/\/www.diarioimagen.net\/index.php?rest_route=\/wp\/v2\/types\/post"}],"author":[{"embeddable":true,"href":"https:\/\/www.diarioimagen.net\/index.php?rest_route=\/wp\/v2\/users\/3"}],"replies":[{"embeddable":true,"href":"https:\/\/www.diarioimagen.net\/index.php?rest_route=%2Fwp%2Fv2%2Fcomments&post=570021"}],"version-history":[{"count":0,"href":"https:\/\/www.diarioimagen.net\/index.php?rest_route=\/wp\/v2\/posts\/570021\/revisions"}],"wp:attachment":[{"href":"https:\/\/www.diarioimagen.net\/index.php?rest_route=%2Fwp%2Fv2%2Fmedia&parent=570021"}],"wp:term":[{"taxonomy":"category","embeddable":true,"href":"https:\/\/www.diarioimagen.net\/index.php?rest_route=%2Fwp%2Fv2%2Fcategories&post=570021"},{"taxonomy":"post_tag","embeddable":true,"href":"https:\/\/www.diarioimagen.net\/index.php?rest_route=%2Fwp%2Fv2%2Ftags&post=570021"}],"curies":[{"name":"wp","href":"https:\/\/api.w.org\/{rel}","templated":true}]}}