{"id":570031,"date":"2023-01-02T00:12:44","date_gmt":"2023-01-02T06:12:44","guid":{"rendered":"https:\/\/www.diarioimagen.net\/?p=570031"},"modified":"2023-01-02T03:43:05","modified_gmt":"2023-01-02T09:43:05","slug":"esquivel-la-ultima-gran-leccion-de-2022-y-lo-que-no-debemos-tolerar-en-2023","status":"publish","type":"post","link":"https:\/\/www.diarioimagen.net\/?p=570031","title":{"rendered":"Esquivel, la \u00faltima gran lecci\u00f3n de 2022, y lo que no debemos tolerar en 2023"},"content":{"rendered":"<h2>Tras la puerta del poder<\/h2>\n<h5>Roberto Vizca\u00edno<\/h5>\n<p>&nbsp;<\/p>\n<p>Pues s\u00ed, no hay plazo que no se cumpla y el de <strong>Yasm\u00edn Esquivel<\/strong> vence hoy. Junto al de ella, se vence el de M\u00e9xico.<\/p>\n<p>S\u00e9 que en este pa\u00eds hay cabida para las mayores aberraciones, y que hay quien cree que <strong>Esquivel <\/strong>no s\u00f3lo puede esquivar las consecuencias de plagiar una tesis de la UNAM, sino ser elegida como presidenta de la Suprema Corte.<\/p>\n<p>Yo y much\u00edsimos m\u00e1s, no vemos c\u00f3mo pueda ocurrir tal cosa. Y no lo vemos porque simplemente el futuro de M\u00e9xico est\u00e1 de por medio en esa designaci\u00f3n\u2026 y en el castigo de ese plagio.<\/p>\n<p>No lo vemos porque creemos en el rector de la UNAM <strong>Enrique Graue quien el s\u00e1bado pasado, unas horas antes de finalizar 2022, dijo:<\/strong><\/p>\n<p>\u201cLa Universidad Nacional Aut\u00f3noma de M\u00e9xico goza de la confianza de la sociedad mexicana y ello es una de sus principales fortalezas. La verdad est\u00e1 en la esencia de la UNAM y constituye un valor fundamental de nuestro actuar y de nuestro quehacer. <strong><em>Por estas razones, en mi calidad de Rector, no acepto que derivado de disputas ajenas se vulnere el prestigio y la honorabilidad de la Universidad<\/em><\/strong>\u201d.<\/p>\n<p>Previo a este comentario el mismo rector hab\u00eda explicado que nadie deb\u00eda extraviarse en este asunto del plagio cometido por <strong>Esquivel<\/strong>, que ella simplemente copi\u00f3 y reprodujo la tesis del ahora abogado <strong>Edgar Ulises B\u00e1ez Guti\u00e9rrez <\/strong>quien con ese trabajo universitario se gradu\u00f3 un a\u00f1o 2 meses antes que <strong>Esquivel<\/strong>.<\/p>\n<p>As\u00ed <strong>Graue<\/strong> confirm\u00f3 la denuncia hecha p\u00fablica por <strong>Guillermo Sheridan, quien fue el que destap\u00f3 este esc\u00e1ndalo hace menos de un mes.<\/strong><\/p>\n<p><strong>A partir de entonces Yasm\u00edn Esquivel, quien ostenta ilegalmente el cargo de ministra de la Suprema Corte, ha intentado negar el plagio del que obviamente es culpable, a trav\u00e9s de una serie de chapuzas.<\/strong><\/p>\n<p><strong>Entre otras dijo tener una declaraci\u00f3n notariada del abogado Edgar Ulises B\u00e1ez Guti\u00e9rrez aceptando haber plagiado la tesis de ella. El abogado neg\u00f3 haber aceptado tal cosa y reiter\u00f3 que su tesis es la original y que quien la copi\u00f3 fue Esquivel.<\/strong><\/p>\n<p>Con todos estos datos, y much\u00edsimos m\u00e1s, el Pleno de la Corte deber\u00e1 elegir hoy a su nuevo presidente cargo que evidentemente no ser\u00e1 ocupado por la plagiaria <strong>Esquivel<\/strong>.<\/p>\n<p>Al presidente saliente <strong>Arturo Zald\u00edvar<\/strong> lo sustituir\u00e1 alguno de los siguientes ministros: <strong>Norma Pi\u00f1a, Alfredo Guti\u00e9rrez, Alberto P\u00e9rez Day\u00e1n o Javier Laynez, pero no la esposa del empresario Jos\u00e9 Mar\u00eda Riob\u00f3o.<\/strong><\/p>\n<p style=\"text-align: center;\"><strong>MONREAL, LA SCJN, GARANTE DEL RESPETO A LA CONSTITUCI\u00d3N<\/strong><\/p>\n<p>Quien ayer sali\u00f3 a fijar posici\u00f3n, con la obvia intenci\u00f3n de ser escuchado por los ministros que integran el Pleno de la Suprema Corte -pleno que deber\u00e1 elegir hoy a su nuevo presidente-, fue <strong>Ricardo Monreal<\/strong>, presidente de la Junta de Coordinaci\u00f3n Pol\u00edtica del Senado, una c\u00e1mara que es la encargada de designar a los ministros del poder Judicial:<\/p>\n<p><strong>\u201cComo parte del Senado, corresponsable de seleccionar a las y los ministros, deseo que la elecci\u00f3n de quien encabezar\u00e1 la SCJN se realice con plena autonom\u00eda, y favorezca su desempe\u00f1o como garante del respeto a la Constituci\u00f3n. Son enormes los desaf\u00edos que enfrenta este poder\u201d.<\/strong><\/p>\n<p>No era necesario que el zacatecano les dijera a los ministros de la Corte que si se dejan presionar por el presidente <strong>Andr\u00e9s Manuel L\u00f3pez Obrador<\/strong> para designar a <strong>Yasm\u00edn Esquivel<\/strong>, estar\u00edan metiendo no a la SCJN al peor de sus desprestigios, sino a M\u00e9xico a una p\u00e9rdida de confianza internacional sin precedentes y de grav\u00edsimas consecuencias.<\/p>\n<p style=\"text-align: center;\"><strong>REGRES\u00d3 LULA<\/strong><\/p>\n<p>Quien convoc\u00f3 ayer la atenci\u00f3n de todos los medios internacionales, fue <strong>Lula da Silva<\/strong>, quien llega por tercera vez a la presidencia de Brasil.<\/p>\n<p>A la toma de posesi\u00f3n asistieron no s\u00f3lo la mayor\u00eda de los mandatarios de Am\u00e9rica Latina -quiz\u00e1 s\u00f3lo falt\u00f3 usted YSQ-, sino unos 8 millones de los 215 millones de habitantes que tiene Brasil.<\/p>\n<p>Ante todos ellos Lula ley\u00f3 un discurso de unas 15 cuartillas que se resumen en un solo pronunciamiento: vamos a rescatar y recuperar a esta pa\u00eds.<\/p>\n<p>La diferencia que tiene <strong>Lula <\/strong>del resto de los mandatarios de la regi\u00f3n es que \u00e9l ya demostr\u00f3 que pudo sacar a 37 millones de ciudadanos de la pobreza para incorporarlos a las clases medias, y construir a la vez un desarrollo que coloc\u00f3 a Brasil como la primera potencia econ\u00f3mica del continente.<\/p>\n<p>Horas antes de este evento, el todav\u00eda presidente de Brasil, el ultraderechista <strong>Jair Bolsonaro<\/strong> hu\u00eda hacia La Florida, Estados Unidos, para refugiarse en el complejo hotelero propiedad de su amigo el expresidente<strong>Donald Trump<\/strong>.<\/p>\n<p>La reconstrucci\u00f3n y recuperaci\u00f3n de Brasil, dijo <strong>Lula<\/strong>, incluye restablecer lo que \u00e9l cre\u00f3 y puso en operaci\u00f3n en sus presidencias anteriores y que beneficiaban a los brasile\u00f1os, y que fue desechado en las presidencias siguientes.<\/p>\n<p>Algo que se antoja podr\u00e1 ocurrir en M\u00e9xico luego de la elecci\u00f3n presidencial de 2024, si gana la oposici\u00f3n, como no pocos desean y buscaran lograr.<\/p>\n<p><em><a href=\"mailto:rvizcainoa@gmail.com\" target=\"_blank\" rel=\"noopener noreferrer\">vizcainoa@gmail.com<\/a><a href=\"mailto:rvizcainoa@gmail.com\" target=\"_blank\" rel=\"noopener noreferrer\"><br \/>\n<\/a><a href=\"http:\/\/endirecto.mx\" target=\"_blank\" rel=\"noopener noreferrer\">www.endirecto.mx<\/a><a href=\"mailto:rvizcainoa@gmail.com\" target=\"_blank\" rel=\"noopener noreferrer\"><br \/>\n<\/a><a href=\"https:\/\/twitter.com\/_rvizcaino\" target=\"_blank\" rel=\"noopener noreferrer\">@_RVizcaino<\/a><a href=\"mailto:rvizcainoa@gmail.com\" target=\"_blank\" rel=\"noopener noreferrer\"><br \/>\n<\/a><a href=\"https:\/\/www.facebook.com\/rvizcainoa\" target=\"_blank\" rel=\"noopener noreferrer\">facebook.com\/rvizcainoa<\/a><\/em><\/p>\n","protected":false},"excerpt":{"rendered":"<p><span style=\"color: #005497;\"><strong>Roberto Vizca\u00edno<\/strong><\/span><\/p>\n","protected":false},"author":3,"featured_media":0,"comment_status":"open","ping_status":"open","sticky":false,"template":"","format":"standard","meta":{"_monsterinsights_skip_tracking":false,"_monsterinsights_sitenote_active":false,"_monsterinsights_sitenote_note":"","_monsterinsights_sitenote_category":0,"footnotes":""},"categories":[136],"tags":[43674,93,94],"class_list":["post-570031","post","type-post","status-publish","format-standard","hentry","category-roberto-vizcaino-opinion","tag-opinion","tag-roberto-vizcaino","tag-tras-la-puerta-del-poder"],"_links":{"self":[{"href":"https:\/\/www.diarioimagen.net\/index.php?rest_route=\/wp\/v2\/posts\/570031","targetHints":{"allow":["GET"]}}],"collection":[{"href":"https:\/\/www.diarioimagen.net\/index.php?rest_route=\/wp\/v2\/posts"}],"about":[{"href":"https:\/\/www.diarioimagen.net\/index.php?rest_route=\/wp\/v2\/types\/post"}],"author":[{"embeddable":true,"href":"https:\/\/www.diarioimagen.net\/index.php?rest_route=\/wp\/v2\/users\/3"}],"replies":[{"embeddable":true,"href":"https:\/\/www.diarioimagen.net\/index.php?rest_route=%2Fwp%2Fv2%2Fcomments&post=570031"}],"version-history":[{"count":0,"href":"https:\/\/www.diarioimagen.net\/index.php?rest_route=\/wp\/v2\/posts\/570031\/revisions"}],"wp:attachment":[{"href":"https:\/\/www.diarioimagen.net\/index.php?rest_route=%2Fwp%2Fv2%2Fmedia&parent=570031"}],"wp:term":[{"taxonomy":"category","embeddable":true,"href":"https:\/\/www.diarioimagen.net\/index.php?rest_route=%2Fwp%2Fv2%2Fcategories&post=570031"},{"taxonomy":"post_tag","embeddable":true,"href":"https:\/\/www.diarioimagen.net\/index.php?rest_route=%2Fwp%2Fv2%2Ftags&post=570031"}],"curies":[{"name":"wp","href":"https:\/\/api.w.org\/{rel}","templated":true}]}}