{"id":570099,"date":"2023-01-03T00:04:13","date_gmt":"2023-01-03T06:04:13","guid":{"rendered":"https:\/\/www.diarioimagen.net\/?p=570099"},"modified":"2023-01-03T02:46:58","modified_gmt":"2023-01-03T08:46:58","slug":"nace-yo-amo-edomex-para-empoderar-a-la-sociedad-civil","status":"publish","type":"post","link":"https:\/\/www.diarioimagen.net\/?p=570099","title":{"rendered":"Nace \u201cYo Amo Edomex\u201d para empoderar a la sociedad civil"},"content":{"rendered":"<p>&nbsp;<\/p>\n<ul>\n<li><em><strong>C\u00e9sar Pi\u00f1a e Ismael Espino, a la cabeza<\/strong><\/em><\/li>\n<\/ul>\n<p><strong>\u00a0<\/strong><\/p>\n<h6>Arturo Baena<\/h6>\n<p>&nbsp;<\/p>\n<div id=\"attachment_570166\" style=\"width: 470px\" class=\"wp-caption aligncenter\"><a href=\"https:\/\/www.diarioimagen.net\/?attachment_id=570166\" rel=\"attachment wp-att-570166\"><img loading=\"lazy\" decoding=\"async\" aria-describedby=\"caption-attachment-570166\" class=\"size-full wp-image-570166\" src=\"https:\/\/www.diarioimagen.net\/wp-content\/uploads\/2023\/01\/BAENA3.jpg\" alt=\"\" width=\"460\" height=\"270\" \/><\/a><p id=\"caption-attachment-570166\" class=\"wp-caption-text\">Nace la asociaci\u00f3n civil que llevar\u00e1 el nombre de \u201cYo Amo Edomex\u201d y que encabezan los dirigentes C\u00e9sar Pi\u00f1a Palacios e Ismael Espino L\u00f3pez.<\/p><\/div>\n<p>&nbsp;<\/p>\n<p><strong>Naucalpan, Estado de M\u00e9xico.\u2014<\/strong> Ante poco m\u00e1s de 200 l\u00edderes sociales, empresariales y activistas pol\u00edticos, se dio a conocer el nacimiento de la asociaci\u00f3n civil que llevar\u00e1 el nombre de \u201cYo Amo Edomex\u201d y que encabezan los dirigentes C\u00e9sar Pi\u00f1a Palacios e Ismael Espino L\u00f3pez.<\/p>\n<p>\u201cEsta asociaci\u00f3n civil surge con el prop\u00f3sito de empoderar a mujeres, hombres y sociedad civil en general, toda vez que, existen gobiernos municipales que no voltean a ver las necesidades de sus gobernados\u201d, dijo Pi\u00f1a Palacios. Por otra parte, reconoci\u00f3 y aval\u00f3 la gesti\u00f3n del gobernador Alfredo del Mazo y qui\u00e9n calific\u00f3 como a un hombre de palabra y hechos que ha convertido a la entidad mexiquense en un Estado pr\u00f3spero y un ejemplo a seguir. El tambi\u00e9n empresario asegur\u00f3 que a la asociaci\u00f3n civil \u201cYo Amo Edomex\u201d, participar\u00e1n todos los liderazgos sin importar colores partidistas. \u201cA este proyecto que hoy nace, nadie lo va a parar\u201d.<\/p>\n<p>\u201cJuntos vamos a luchar por el reconocimiento de aquellos liderazgos que de una u otra forma han sido olvidados. Hoy estamos abriendo las puertas de Yo Amo Edomex a todas y todos los Mexiquenses para su empoderamiento\u201d, afirm\u00f3. Por su parte, Ismael Espino L\u00f3pez afirm\u00f3 que los l\u00edderes sociales de varios municipios mexiquenses que asistieron al surgimiento de la citada asociaci\u00f3n civil, reconocieron la destacada labor de quienes crearon dicha asociaci\u00f3n.<\/p>\n","protected":false},"excerpt":{"rendered":"<p>Ante poco m\u00e1s de 200 l\u00edderes sociales, empresariales y activistas pol\u00edticos, se dio a conocer el nacimiento de la asociaci\u00f3n civil que llevar\u00e1 el nombre de \u201cYo Amo Edomex\u201d y que encabezan los dirigentes C\u00e9sar Pi\u00f1a Palacios e Ismael Espino L\u00f3pez.<\/p>\n","protected":false},"author":3,"featured_media":570166,"comment_status":"open","ping_status":"open","sticky":false,"template":"","format":"standard","meta":{"_monsterinsights_skip_tracking":false,"_monsterinsights_sitenote_active":false,"_monsterinsights_sitenote_note":"","_monsterinsights_sitenote_category":0,"footnotes":""},"categories":[5],"tags":[43675,970,97099],"class_list":["post-570099","post","type-post","status-publish","format-standard","has-post-thumbnail","hentry","category-estado-de-mexico","tag-estado-de-mexico","tag-naucalpan","tag-yo-amo-edomex"],"_links":{"self":[{"href":"https:\/\/www.diarioimagen.net\/index.php?rest_route=\/wp\/v2\/posts\/570099","targetHints":{"allow":["GET"]}}],"collection":[{"href":"https:\/\/www.diarioimagen.net\/index.php?rest_route=\/wp\/v2\/posts"}],"about":[{"href":"https:\/\/www.diarioimagen.net\/index.php?rest_route=\/wp\/v2\/types\/post"}],"author":[{"embeddable":true,"href":"https:\/\/www.diarioimagen.net\/index.php?rest_route=\/wp\/v2\/users\/3"}],"replies":[{"embeddable":true,"href":"https:\/\/www.diarioimagen.net\/index.php?rest_route=%2Fwp%2Fv2%2Fcomments&post=570099"}],"version-history":[{"count":0,"href":"https:\/\/www.diarioimagen.net\/index.php?rest_route=\/wp\/v2\/posts\/570099\/revisions"}],"wp:featuredmedia":[{"embeddable":true,"href":"https:\/\/www.diarioimagen.net\/index.php?rest_route=\/wp\/v2\/media\/570166"}],"wp:attachment":[{"href":"https:\/\/www.diarioimagen.net\/index.php?rest_route=%2Fwp%2Fv2%2Fmedia&parent=570099"}],"wp:term":[{"taxonomy":"category","embeddable":true,"href":"https:\/\/www.diarioimagen.net\/index.php?rest_route=%2Fwp%2Fv2%2Fcategories&post=570099"},{"taxonomy":"post_tag","embeddable":true,"href":"https:\/\/www.diarioimagen.net\/index.php?rest_route=%2Fwp%2Fv2%2Ftags&post=570099"}],"curies":[{"name":"wp","href":"https:\/\/api.w.org\/{rel}","templated":true}]}}