{"id":570101,"date":"2023-01-03T00:03:25","date_gmt":"2023-01-03T06:03:25","guid":{"rendered":"https:\/\/www.diarioimagen.net\/?p=570101"},"modified":"2023-01-03T02:47:34","modified_gmt":"2023-01-03T08:47:34","slug":"morena-no-se-confia-en-encuestas-sindico-carlos-trujillo-anell","status":"publish","type":"post","link":"https:\/\/www.diarioimagen.net\/?p=570101","title":{"rendered":"Morena no se conf\u00eda en encuestas: s\u00edndico Carlos Trujillo Anell"},"content":{"rendered":"<p>&nbsp;<\/p>\n<p><a href=\"https:\/\/www.diarioimagen.net\/?attachment_id=570168\" rel=\"attachment wp-att-570168\"><img loading=\"lazy\" decoding=\"async\" class=\"aligncenter size-full wp-image-570168\" src=\"https:\/\/www.diarioimagen.net\/wp-content\/uploads\/2023\/01\/morena-no-confia.jpg\" alt=\"\" width=\"460\" height=\"270\" \/><\/a><\/p>\n<p>&nbsp;<\/p>\n<p><strong>Naucalpan, Estado de M\u00e9xico.\u2014 <\/strong>Aunque todas y cada una de las encuestas ser\u00edas ponen por muy arriba al Movimiento de Regeneraci\u00f3n Nacional (Morena) para el triunfo electoral del pr\u00f3ximo 2023, de ninguna manera estamos confiados, al contrario, en tiempo y forma se presentar\u00e1 a las y los mexiquenses las mejores propuestas.<\/p>\n<p>As\u00ed lo afirm\u00f3 en entrevista, el segundo s\u00edndico municipal de ese instituto pol\u00edtico, Carlos Trujillo Anell, al tiempo de reiterar que \u201cpese a que los n\u00fameros est\u00e1n de nuestro lado no nos ha generado exceso de confianza\u201d, dijo.<\/p>\n","protected":false},"excerpt":{"rendered":"<p>Aunque todas y cada una de las encuestas ser\u00edas ponen por muy arriba al Movimiento de Regeneraci\u00f3n Nacional (Morena) para el triunfo electoral del pr\u00f3ximo 2023, de ninguna manera estamos confiados, al contrario, en tiempo y forma se presentar\u00e1 a las y los mexiquenses las mejores propuestas.<\/p>\n","protected":false},"author":3,"featured_media":570168,"comment_status":"open","ping_status":"open","sticky":false,"template":"","format":"standard","meta":{"_monsterinsights_skip_tracking":false,"_monsterinsights_sitenote_active":false,"_monsterinsights_sitenote_note":"","_monsterinsights_sitenote_category":0,"footnotes":""},"categories":[5],"tags":[97100,43675,970],"class_list":["post-570101","post","type-post","status-publish","format-standard","has-post-thumbnail","hentry","category-estado-de-mexico","tag-carlos-trujillo-anell","tag-estado-de-mexico","tag-naucalpan"],"_links":{"self":[{"href":"https:\/\/www.diarioimagen.net\/index.php?rest_route=\/wp\/v2\/posts\/570101","targetHints":{"allow":["GET"]}}],"collection":[{"href":"https:\/\/www.diarioimagen.net\/index.php?rest_route=\/wp\/v2\/posts"}],"about":[{"href":"https:\/\/www.diarioimagen.net\/index.php?rest_route=\/wp\/v2\/types\/post"}],"author":[{"embeddable":true,"href":"https:\/\/www.diarioimagen.net\/index.php?rest_route=\/wp\/v2\/users\/3"}],"replies":[{"embeddable":true,"href":"https:\/\/www.diarioimagen.net\/index.php?rest_route=%2Fwp%2Fv2%2Fcomments&post=570101"}],"version-history":[{"count":0,"href":"https:\/\/www.diarioimagen.net\/index.php?rest_route=\/wp\/v2\/posts\/570101\/revisions"}],"wp:featuredmedia":[{"embeddable":true,"href":"https:\/\/www.diarioimagen.net\/index.php?rest_route=\/wp\/v2\/media\/570168"}],"wp:attachment":[{"href":"https:\/\/www.diarioimagen.net\/index.php?rest_route=%2Fwp%2Fv2%2Fmedia&parent=570101"}],"wp:term":[{"taxonomy":"category","embeddable":true,"href":"https:\/\/www.diarioimagen.net\/index.php?rest_route=%2Fwp%2Fv2%2Fcategories&post=570101"},{"taxonomy":"post_tag","embeddable":true,"href":"https:\/\/www.diarioimagen.net\/index.php?rest_route=%2Fwp%2Fv2%2Ftags&post=570101"}],"curies":[{"name":"wp","href":"https:\/\/api.w.org\/{rel}","templated":true}]}}