{"id":570103,"date":"2023-01-03T00:02:27","date_gmt":"2023-01-03T06:02:27","guid":{"rendered":"https:\/\/www.diarioimagen.net\/?p=570103"},"modified":"2023-01-03T02:48:30","modified_gmt":"2023-01-03T08:48:30","slug":"el-verde-ecologista-se-declara-listo-para-eleccion-de-este-2023-en-edomex","status":"publish","type":"post","link":"https:\/\/www.diarioimagen.net\/?p=570103","title":{"rendered":"El Verde Ecologista se declara listo para elecci\u00f3n de este 2023 en Edomex"},"content":{"rendered":"<p>&nbsp;<\/p>\n<ul>\n<li><em><strong>Asegura Jos\u00e9 Alberto Couttolenc Buentello<\/strong><\/em><\/li>\n<\/ul>\n<p>&nbsp;<\/p>\n<div id=\"attachment_570170\" style=\"width: 470px\" class=\"wp-caption aligncenter\"><a href=\"https:\/\/www.diarioimagen.net\/?attachment_id=570170\" rel=\"attachment wp-att-570170\"><img loading=\"lazy\" decoding=\"async\" aria-describedby=\"caption-attachment-570170\" class=\"size-full wp-image-570170\" src=\"https:\/\/www.diarioimagen.net\/wp-content\/uploads\/2023\/01\/verde-ecologista.jpg\" alt=\"\" width=\"460\" height=\"270\" \/><\/a><p id=\"caption-attachment-570170\" class=\"wp-caption-text\">Estamos listos para la elecci\u00f3n que viene en este 2023, asegur\u00f3 Jos\u00e9 Alberto Couttolenc Buentello, l\u00edder estatal del Partido Verde Ecologista de M\u00e9xico en el Estado de M\u00e9xico.<\/p><\/div>\n<p>&nbsp;<\/p>\n<p><strong>Valle de Mexico.\u2014<\/strong> El a\u00f1o pasado registramos un notable crecimiento, nos declaramos listos para lo que viene en este 2023, asegur\u00f3 Jos\u00e9 Alberto Couttolenc Buentello, l\u00edder estatal del Partido Verde Ecologista de M\u00e9xico (PVEM) en el Estado de M\u00e9xico.<\/p>\n<p>Tras se\u00f1alar la urgencia de cumplir proyectos y propuestas con hechos, afirm\u00f3 que el crecimiento del PVEM seguir\u00e1 este 2023 a partir de la continuidad del trabajo arduo a favor de los ciudadanos desde la dirigencia y el buen trabajo de las diputadas y de los municipios verdes, \u201ccomo lo venimos haciendo, gestionando y trabajando 24\/7, no como los mismos de siempre, que s\u00f3lo buscan enriquecerse con el dinero del pueblo, sin hacer absolutamente nada por los mexiquenses\u201d.<\/p>\n<p>Puntualiz\u00f3 que se mantendr\u00e1 respetando y garantizando los derechos pol\u00edticos de sus militantes y, sobre todo, sus decisiones, \u201cde sumar y no dividir\u201d.<\/p>\n<p>Al respecto, record\u00f3 la \u00faltima convenci\u00f3n de delegados realizada en Ocoyoacac d\u00edas atr\u00e1s, desde donde Ra\u00fal Bola\u00f1os Cacho Cu\u00e9, secretario de elecciones del partido a nivel nacional, respald\u00f3 frente a m\u00e1s de tres mil personas, las decisiones de la militancia, adem\u00e1s de reconocer el trabajo de \u201cPepe\u201d Couttolenc, recordando el crecimiento que ha tenido el Verde en la entidad.<\/p>\n<p>\u201cCon Pepe me une la lucha por el cambio clim\u00e1tico y el medio ambiente, el amor por nuestra gente y me une tambi\u00e9n que somos parte de una nueva generaci\u00f3n de pol\u00edticos que queremos hacer las cosas distintas\u201d, coment\u00f3.<\/p>\n<p>Pepe Couttolenc resalt\u00f3 el espaldarazo de Karen Castrej\u00f3n Trujillo, dirigente nacional del PVEM; de Manuel Velasco, coordinador en el Senado de la Rep\u00fablica; de Carlos Puente Salas, l\u00edder parlamentario en la C\u00e1mara de Diputados y de Jes\u00fas Sesma, coordinador en el Congreso de la CDMX, entre otros, al ratificarlo como uno de los 26 consejeros pol\u00edticos nacionales del partido, \u201cello me compromete a seguir trabajando por los mexiquenses, seguiremos en las comunidades, buscando mejores condiciones para todos, porque no somos como los dem\u00e1s, las encuestas nos respaldan\u201d.<\/p>\n<p>\u201cPorque el Partido Verde no se cansa, el Partido Verde se compromete, el Partido Verde trabaja y s\u00ed cumple\u201d, finaliz\u00f3.<\/p>\n","protected":false},"excerpt":{"rendered":"<p>El a\u00f1o pasado registramos un notable crecimiento, nos declaramos listos para lo que viene en este 2023, asegur\u00f3 Jos\u00e9 Alberto Couttolenc Buentello, l\u00edder estatal del Partido Verde Ecologista de M\u00e9xico (PVEM) en el Estado de M\u00e9xico.\u00a0<\/p>\n","protected":false},"author":3,"featured_media":570170,"comment_status":"open","ping_status":"open","sticky":false,"template":"","format":"standard","meta":{"_monsterinsights_skip_tracking":false,"_monsterinsights_sitenote_active":false,"_monsterinsights_sitenote_note":"","_monsterinsights_sitenote_category":0,"footnotes":""},"categories":[5],"tags":[1416,34],"class_list":["post-570103","post","type-post","status-publish","format-standard","has-post-thumbnail","hentry","category-estado-de-mexico","tag-pvem","tag-valle-de-mexico"],"_links":{"self":[{"href":"https:\/\/www.diarioimagen.net\/index.php?rest_route=\/wp\/v2\/posts\/570103","targetHints":{"allow":["GET"]}}],"collection":[{"href":"https:\/\/www.diarioimagen.net\/index.php?rest_route=\/wp\/v2\/posts"}],"about":[{"href":"https:\/\/www.diarioimagen.net\/index.php?rest_route=\/wp\/v2\/types\/post"}],"author":[{"embeddable":true,"href":"https:\/\/www.diarioimagen.net\/index.php?rest_route=\/wp\/v2\/users\/3"}],"replies":[{"embeddable":true,"href":"https:\/\/www.diarioimagen.net\/index.php?rest_route=%2Fwp%2Fv2%2Fcomments&post=570103"}],"version-history":[{"count":0,"href":"https:\/\/www.diarioimagen.net\/index.php?rest_route=\/wp\/v2\/posts\/570103\/revisions"}],"wp:featuredmedia":[{"embeddable":true,"href":"https:\/\/www.diarioimagen.net\/index.php?rest_route=\/wp\/v2\/media\/570170"}],"wp:attachment":[{"href":"https:\/\/www.diarioimagen.net\/index.php?rest_route=%2Fwp%2Fv2%2Fmedia&parent=570103"}],"wp:term":[{"taxonomy":"category","embeddable":true,"href":"https:\/\/www.diarioimagen.net\/index.php?rest_route=%2Fwp%2Fv2%2Fcategories&post=570103"},{"taxonomy":"post_tag","embeddable":true,"href":"https:\/\/www.diarioimagen.net\/index.php?rest_route=%2Fwp%2Fv2%2Ftags&post=570103"}],"curies":[{"name":"wp","href":"https:\/\/api.w.org\/{rel}","templated":true}]}}