{"id":570126,"date":"2023-01-03T00:09:44","date_gmt":"2023-01-03T06:09:44","guid":{"rendered":"https:\/\/www.diarioimagen.net\/?p=570126"},"modified":"2023-01-04T00:51:51","modified_gmt":"2023-01-04T06:51:51","slug":"que-destapo","status":"publish","type":"post","link":"https:\/\/www.diarioimagen.net\/?p=570126","title":{"rendered":"\u00bfQu\u00e9 destap\u00f3?"},"content":{"rendered":"<h2>Se comenta s\u00f3lo con\u2026<\/h2>\n<h5>Carlos Ramos Padilla*<\/h5>\n<p>&nbsp;<\/p>\n<p>Qu\u00e9 fue lo que destap\u00f3 la tesis de Yasm\u00edn Esquivel? Abri\u00f3 la ca\u00f1er\u00eda m\u00e1s pestilente de estafa, corrupci\u00f3n, conflicto de intereses, amiguismo y tir\u00f3 a la basura la promesa de AMLO de no coto, no cuotas, no cuates; es m\u00e1s, hasta anul\u00f3 aquello de no mentir y no traicionar.<\/p>\n<p>Clases de pundonor e integridad le han dado instituciones como la UNAM, el INE, la SCJN y esperemos el Senado de la Rep\u00fablica. Cada vez el Presidente se ve m\u00e1s irritado y a la defensiva. Ahora resulta que est\u00e1 molesto por la determinaci\u00f3n de la Corte.<\/p>\n<p>Ya inici\u00f3 con calificativos e insultos, pero tambi\u00e9n equivoc\u00f3 dos pron\u00f3sticos: Que ganar\u00eda Yasm\u00edn y que llegar\u00eda un millonario \u201cque ustedes conocen\u2026 Invest\u00edguenlo yo no les voy a hacer su chamba\u201d. Sabemos a qui\u00e9n se refer\u00eda, pero no tuvo los tama\u00f1os para identificarlo porque tendr\u00eda obligadamente que llamar a la memoria a un pol\u00edtico, ex Presidente, que le sirvi\u00f3 por a\u00f1os para una campa\u00f1a de golpeteo, se acuerdan del innombrable?<\/p>\n<p>Para AMLO, ahora resulta que los conservadores del r\u00e9gimen anterior decidieron el futuro de la Corte. Pero m\u00e1s a\u00fan, no desestima las conclusiones de la Fiscal\u00eda de la CDMX y de la jefa de Gobierno que promueven una conclusi\u00f3n totalmente contraria a la emitida por la UNAM, en donde se reconoce el plagio.<\/p>\n<p>En la torpe estrategia de crisis de la magistrada mostr\u00f3 demasiados elementos de il\u00edcitos que obligadamente deben aclararse.<\/p>\n<p>Han intentado deslindar a su esposo de ser favorecido con contratos del gobierno federal, pero ahora tienen que explicar a cambio de qu\u00e9 recibieron en donaci\u00f3n un extenso terreno en Santa Fe para edificar una instituci\u00f3n acad\u00e9mica. Y en esto Marcelo Ebrard tendr\u00eda que demostrar que no hay, desde entonces, conflicto de intereses. Extraordinario como siempre, Juan Mar\u00eda Naveja, ha hecho p\u00fablica una disecci\u00f3n muy detallada de este complejo asunto que deber\u00edan de escuchar los sumisos aplaudidores del Presidente, hoy marcadamente en silencio por este tropez\u00f3n.<\/p>\n<p>La protecci\u00f3n desde Palacio a personajes con gruesas manchas en su reputaci\u00f3n ya es tarea cotidiana. Estamos a la espera de que se sancionen a los responsables de la corrupci\u00f3n y tragedia en la L\u00ednea 12 del Metro o del desplome del Colegio R\u00e9bsamen o del atentado contra Garcia Harfuch o la riqueza familiar en Houston o el desplome del helic\u00f3ptero militar en el operativo para aprehender a Caro Quintero o la liberaci\u00f3n de Ovidio o el hackeo a Sedena o el tiroteo en Topilejo y tantos otros eventos que tambi\u00e9n dejan al Presidente como d\u00e9bil en su palabra al ofertar una acci\u00f3n de la justicia expedita y honesta. AMLO ya acus\u00f3 a los ministros de no alinearse a la transformaci\u00f3n, \u201csu\u201d transformaci\u00f3n.<\/p>\n<p>Los juristas deben llamar a cuentas a Esquivel, a Ebrard, a Sheinbaum y a Ernestina Godoy. No se debe dar carpetazo a este asunto, ya que la famosa tesis es apenas la punta del iceberg.<\/p>\n<p>El caso es que nuevamente este asunto de la SCJN destap\u00f3 una ca\u00f1er\u00eda cada vez m\u00e1s saturada de putrefacci\u00f3n, cinismo y protecci\u00f3n a indeseables en un sexenio que prometi\u00f3 todo lo contrario.<\/p>\n<p><a href=\"https:\/\/twitter.com\/cramospadilla?ref_src=twsrc%5Egoogle%7Ctwcamp%5Eserp%7Ctwgr%5Eauthor\" target=\"_blank\" rel=\"noopener\"><em>@cramospadilla<\/em><\/a><\/p>\n<blockquote><p><em>* Conductor del programa <strong>Va en serio<\/strong>, Mexiquense TV Canal 34.2, IZZI Canal 135 y Mexiquense Radio.<br \/>\n<\/em><\/p><\/blockquote>\n","protected":false},"excerpt":{"rendered":"<p><span style=\"color: #005497;\"><strong>Carlos Ramos Padilla<\/strong><\/span><\/p>\n","protected":false},"author":3,"featured_media":0,"comment_status":"open","ping_status":"open","sticky":false,"template":"","format":"standard","meta":{"_monsterinsights_skip_tracking":false,"_monsterinsights_sitenote_active":false,"_monsterinsights_sitenote_note":"","_monsterinsights_sitenote_category":0,"footnotes":""},"categories":[97109],"tags":[97108,43674,97107],"class_list":["post-570126","post","type-post","status-publish","format-standard","hentry","category-carlos-ramos-padilla","tag-carlos-ramos-padilla","tag-opinion","tag-se-comenta-solo-con"],"_links":{"self":[{"href":"https:\/\/www.diarioimagen.net\/index.php?rest_route=\/wp\/v2\/posts\/570126","targetHints":{"allow":["GET"]}}],"collection":[{"href":"https:\/\/www.diarioimagen.net\/index.php?rest_route=\/wp\/v2\/posts"}],"about":[{"href":"https:\/\/www.diarioimagen.net\/index.php?rest_route=\/wp\/v2\/types\/post"}],"author":[{"embeddable":true,"href":"https:\/\/www.diarioimagen.net\/index.php?rest_route=\/wp\/v2\/users\/3"}],"replies":[{"embeddable":true,"href":"https:\/\/www.diarioimagen.net\/index.php?rest_route=%2Fwp%2Fv2%2Fcomments&post=570126"}],"version-history":[{"count":0,"href":"https:\/\/www.diarioimagen.net\/index.php?rest_route=\/wp\/v2\/posts\/570126\/revisions"}],"wp:attachment":[{"href":"https:\/\/www.diarioimagen.net\/index.php?rest_route=%2Fwp%2Fv2%2Fmedia&parent=570126"}],"wp:term":[{"taxonomy":"category","embeddable":true,"href":"https:\/\/www.diarioimagen.net\/index.php?rest_route=%2Fwp%2Fv2%2Fcategories&post=570126"},{"taxonomy":"post_tag","embeddable":true,"href":"https:\/\/www.diarioimagen.net\/index.php?rest_route=%2Fwp%2Fv2%2Ftags&post=570126"}],"curies":[{"name":"wp","href":"https:\/\/api.w.org\/{rel}","templated":true}]}}