{"id":570286,"date":"2023-01-04T00:04:16","date_gmt":"2023-01-04T06:04:16","guid":{"rendered":"https:\/\/www.diarioimagen.net\/?p=570286"},"modified":"2023-01-04T00:43:59","modified_gmt":"2023-01-04T06:43:59","slug":"pinazo-a-monreal","status":"publish","type":"post","link":"https:\/\/www.diarioimagen.net\/?p=570286","title":{"rendered":"\u201cPi\u00f1azo\u201d a Monreal\u00a0"},"content":{"rendered":"<h2>Desde el portal<\/h2>\n<h5>\u00c1ngel Soriano<\/h5>\n<p>&nbsp;<\/p>\n<p>La elecci\u00f3n de la ministra Norma Luc\u00eda Pi\u00f1a Hern\u00e1ndez como presidenta de la Suprema Corte de Justicia de la Naci\u00f3n (SCJN), abre la posibilidad a las candidaturas independientes y de llevarlas al triunfo, siempre y cuando haya capacidad y base social que respalden su proyecto.<\/p>\n<p>En el caso de la profesora Pi\u00f1a Hern\u00e1ndez, su perfil y su congruencia fueron definitivos para presidir el m\u00e1ximo tribunal del pa\u00eds, con el reconocimiento generalizado de la sociedad que demanda nuevos rostros y experiencia en el ejercicio de la funci\u00f3n p\u00fablica.<\/p>\n<p>Todo esto puede beneficiar las aspiraciones presidenciales del presidente de la Jucopo del Senado, Ricardo Monreal \u00c1vila, quien busca la candidatura de Morena y exige piso parejo e igualdad de oportunidades en los aspirantes, cuesti\u00f3n que puede ser secundaria si se toma en cuenta la experiencia exitosa de la ministra presidenta.<\/p>\n<p>Uno de los primeros en aplaudir la decisi\u00f3n del pleno de la SCJN fue el todav\u00eda presidente del INE, Lorenzo C\u00f3rdova Vianello, como un mensaje de fortaleza a los organismos e instituciones creadas para servir de contrapeso a las decisiones del Poder Ejecutivo o a los abusos de poder.<\/p>\n<p>Desde luego que ha habido y hay desviaciones en los prop\u00f3sitos iniciales que dieron origen a su creaci\u00f3n, y que ha permitido la formaci\u00f3n y capacitaci\u00f3n de cuadros profesionales para la atenci\u00f3n y soluci\u00f3n de los distintos problemas del pa\u00eds, y que requieren de perfeccionamiento, no de desaparici\u00f3n.<\/p>\n<p>Por todo lo anterior, el avance de la transformaci\u00f3n del pa\u00eds necesariamente tiene avances, retrocesos y correcciones que se ir\u00e1n dando, sin duda con la participaci\u00f3n de la sociedad.<\/p>\n<p>Por ello, en este mismo a\u00f1o tendr\u00e1n que conocerse nuevos aspirantes a la candidatura presidencial tomando en cuenta que, efectivamente habr\u00e1 respeto a la voluntad popular y a la autonom\u00eda de las instituciones.<\/p>\n<p>Se trata de un \u201cpi\u00f1azo\u201d a las aspiraciones democr\u00e1ticas de la sociedad con su decidida participaci\u00f3n. Enhorabuena esta decisi\u00f3n del Poder Judicial que ser\u00e1, un aut\u00e9ntico contrapeso del Ejecutivo de de la vigencia de la separaci\u00f3n de poderes.<\/p>\n<p><u><a href=\"mailto:asorianocarrasco@yahoo.com\" target=\"_blank\" rel=\"noopener noreferrer\"><em>asorianocarrasco@yahoo.com<\/em><\/a><br \/>\n<em><a href=\"https:\/\/revistabrecha.com\" target=\"_blank\" rel=\"noopener noreferrer\">www.revistabrecha.com<\/a><br \/>\n<\/em><\/u><em>facebook oficial <a href=\"https:\/\/es-la.facebook.com\/RevistaBrecha.Oficial\" target=\"_blank\" rel=\"noopener\">@BrechaRevista<\/a><\/em><\/p>\n","protected":false},"excerpt":{"rendered":"<p><span style=\"color: #005497;\"><strong>\u00c1ngel Soriano<\/strong><\/span><\/p>\n","protected":false},"author":3,"featured_media":0,"comment_status":"open","ping_status":"open","sticky":false,"template":"","format":"standard","meta":{"_monsterinsights_skip_tracking":false,"_monsterinsights_sitenote_active":false,"_monsterinsights_sitenote_note":"","_monsterinsights_sitenote_category":0,"footnotes":""},"categories":[135],"tags":[85,86,43674],"class_list":["post-570286","post","type-post","status-publish","format-standard","hentry","category-angel-soriano-opinion","tag-angel-soriano","tag-desde-el-portal","tag-opinion"],"_links":{"self":[{"href":"https:\/\/www.diarioimagen.net\/index.php?rest_route=\/wp\/v2\/posts\/570286","targetHints":{"allow":["GET"]}}],"collection":[{"href":"https:\/\/www.diarioimagen.net\/index.php?rest_route=\/wp\/v2\/posts"}],"about":[{"href":"https:\/\/www.diarioimagen.net\/index.php?rest_route=\/wp\/v2\/types\/post"}],"author":[{"embeddable":true,"href":"https:\/\/www.diarioimagen.net\/index.php?rest_route=\/wp\/v2\/users\/3"}],"replies":[{"embeddable":true,"href":"https:\/\/www.diarioimagen.net\/index.php?rest_route=%2Fwp%2Fv2%2Fcomments&post=570286"}],"version-history":[{"count":0,"href":"https:\/\/www.diarioimagen.net\/index.php?rest_route=\/wp\/v2\/posts\/570286\/revisions"}],"wp:attachment":[{"href":"https:\/\/www.diarioimagen.net\/index.php?rest_route=%2Fwp%2Fv2%2Fmedia&parent=570286"}],"wp:term":[{"taxonomy":"category","embeddable":true,"href":"https:\/\/www.diarioimagen.net\/index.php?rest_route=%2Fwp%2Fv2%2Fcategories&post=570286"},{"taxonomy":"post_tag","embeddable":true,"href":"https:\/\/www.diarioimagen.net\/index.php?rest_route=%2Fwp%2Fv2%2Ftags&post=570286"}],"curies":[{"name":"wp","href":"https:\/\/api.w.org\/{rel}","templated":true}]}}