{"id":570293,"date":"2023-01-04T00:03:34","date_gmt":"2023-01-04T06:03:34","guid":{"rendered":"https:\/\/www.diarioimagen.net\/?p=570293"},"modified":"2023-01-04T00:56:04","modified_gmt":"2023-01-04T06:56:04","slug":"en-caso-yasmin-unam-ya","status":"publish","type":"post","link":"https:\/\/www.diarioimagen.net\/?p=570293","title":{"rendered":"En caso Yasm\u00edn, UNAM ya"},"content":{"rendered":"<h2>Espacio Electoral<\/h2>\n<h5>Eleazar Flores<\/h5>\n<p>&nbsp;<\/p>\n<p><strong>CONOCER\u00c1 LA VERG\u00dcENZA?-.<\/strong> En temas legales confieso ser desconocedor, s\u00f3lo recuerdo que en mis clases de Nociones de Derecho, nuestro maestro nos meti\u00f3 hasta los huesos el principio de DURA LEX SED LEX, y palabra que el dicho latino aplica en todo.<\/p>\n<p>Esto viene a cuento por el caso de \u00bfLADY PLAGIO?, Yasm\u00edn Esquivel, que ya ha sido desmentida por Edgar Ulises B\u00e1ez Guti\u00e9rrez quien NIEGA haber confesado ser el \u201ccopi\u00f3n\u201d de la tesis de la ministra, empeorando el panorama, OTRA NEGATIVA m\u00e1s, \u00e9sta de la Fiscal\u00eda capitalina que niega el \u201cfallo a favor\u201d de la susodicha, quedando la ministra totalmente desamparada ante el mundo legal.<\/p>\n<p>Por si todo lo anterior fuera poco, la Universidad Nacional Aut\u00f3noma de M\u00e9xico, UNAM, dice haber encontrado casi en un noventa por ciento coincidencias textuales de la tesis de la frustrada aspirante a la presidencia de la Suprema Corte de Justicia de la Naci\u00f3n con el trabajo de Edgar Ulises B\u00e1ez Guti\u00e9rrez, por lo que cit\u00f3 a las partes a COMPARECER para aclarar paradas, o textos.<\/p>\n<p>Aceptando sin conceder, pues el conocimiento del caso no rebasa la S\u00d3LIDA INFORMACI\u00d3N de los medios de comunicaci\u00f3n, pero dando por ciertas las dos negativas \u00faltimas, \u00bfqu\u00e9 dir\u00e1 ante tantas mendacidades la ministra Yasm\u00edn Esquivel, esposa de Jos\u00e9 Mar\u00eda Riob\u00f3o, exitoso empresario, y casualmente cercano al tabasque\u00f1o desde antes que \u00e9ste fundara su Cuarta Transformaci\u00f3n?<\/p>\n<p><strong>\u00bfQU\u00c9 HAR\u00c1N LAS INSTITUCIONES EDUCATIVAS?-.<\/strong> Hasta ahora, la m\u00e1xima casa de estudios del pa\u00eds ha hecho su parte y bien, no avalar plenamente la tesis de Yazm\u00edn Esquivel no obstante las presiones p\u00fablicas que escuch\u00f3 del predicador y due\u00f1o del p\u00falpito ma\u00f1anero. El llamar a las partes en conflicto para aclarar la situaci\u00f3n es el primer paso del sembrado de la duda.<\/p>\n<p>Pero adem\u00e1s de la UNAM, donde se gradu\u00f3 Esquivel Mossa, otras instituciones extranjeras de ense\u00f1anza superior de prestigio como la COMPLUTENSE de Madrid, o las nacionales como la AN\u00c1HUAC, PANAMERICANA y alguna m\u00e1s, extendieron documentos de maestr\u00edas, doctorados y otros niveles a la ministra en funciones.<\/p>\n<p>De confirmarse el \u201chuachicol\u201d acad\u00e9mico de Yasm\u00edn Esquivel Mossa \u00bfcu\u00e1l ser\u00e1 el camino que tomen esas instituciones?. Es dif\u00edcil pensar que por su prestigio, hasta ahora guarden silencio, debi\u00e9ndose \u00e9ste a que esperan una resoluci\u00f3n final que salga del ALMA MATER de la involucrada, lo que podr\u00eda ser en el transcurso del presente mes pues algo tan delicado como la fama de la UNAM no puede esperar mucho tiempo.<\/p>\n<p>Ya sin la presi\u00f3n por la b\u00fasqueda de la presidencia del Poder Judicial, pero con el enojo de ya sabe qui\u00e9n, la UNAM podr\u00e1 emitir un fallo netamente acad\u00e9mico\u2026y en poco tiempo nuevo rector, \u00bfo RECTORA?<\/p>\n<p><em><a href=\"mailto:elefa44@gmail.com\" target=\"_blank\" rel=\"noopener noreferrer\">lefa44@gmail.com<\/a><\/em><\/p>\n","protected":false},"excerpt":{"rendered":"<p><span style=\"color: #005497;\"><strong>Eleazar Flores<\/strong><\/span><\/p>\n","protected":false},"author":3,"featured_media":0,"comment_status":"open","ping_status":"open","sticky":false,"template":"","format":"standard","meta":{"_monsterinsights_skip_tracking":false,"_monsterinsights_sitenote_active":false,"_monsterinsights_sitenote_note":"","_monsterinsights_sitenote_category":0,"footnotes":""},"categories":[81743],"tags":[81744,81776,43674],"class_list":["post-570293","post","type-post","status-publish","format-standard","hentry","category-eleazar-flores","tag-eleazar-flores","tag-espacio-electoral","tag-opinion"],"_links":{"self":[{"href":"https:\/\/www.diarioimagen.net\/index.php?rest_route=\/wp\/v2\/posts\/570293","targetHints":{"allow":["GET"]}}],"collection":[{"href":"https:\/\/www.diarioimagen.net\/index.php?rest_route=\/wp\/v2\/posts"}],"about":[{"href":"https:\/\/www.diarioimagen.net\/index.php?rest_route=\/wp\/v2\/types\/post"}],"author":[{"embeddable":true,"href":"https:\/\/www.diarioimagen.net\/index.php?rest_route=\/wp\/v2\/users\/3"}],"replies":[{"embeddable":true,"href":"https:\/\/www.diarioimagen.net\/index.php?rest_route=%2Fwp%2Fv2%2Fcomments&post=570293"}],"version-history":[{"count":0,"href":"https:\/\/www.diarioimagen.net\/index.php?rest_route=\/wp\/v2\/posts\/570293\/revisions"}],"wp:attachment":[{"href":"https:\/\/www.diarioimagen.net\/index.php?rest_route=%2Fwp%2Fv2%2Fmedia&parent=570293"}],"wp:term":[{"taxonomy":"category","embeddable":true,"href":"https:\/\/www.diarioimagen.net\/index.php?rest_route=%2Fwp%2Fv2%2Fcategories&post=570293"},{"taxonomy":"post_tag","embeddable":true,"href":"https:\/\/www.diarioimagen.net\/index.php?rest_route=%2Fwp%2Fv2%2Ftags&post=570293"}],"curies":[{"name":"wp","href":"https:\/\/api.w.org\/{rel}","templated":true}]}}