{"id":570306,"date":"2023-01-04T00:01:21","date_gmt":"2023-01-04T06:01:21","guid":{"rendered":"https:\/\/www.diarioimagen.net\/?p=570306"},"modified":"2023-01-04T02:45:40","modified_gmt":"2023-01-04T08:45:40","slug":"silvina-garcia-fillol-country-manager-de-universal-assistance-en-mexico-ofrecio-experiencia-gastronomica-para-cerrar-2022","status":"publish","type":"post","link":"https:\/\/www.diarioimagen.net\/?p=570306","title":{"rendered":"Silvina Garc\u00eda Fillol, <em>Country manager<\/em> de <em>Universal Assistance<\/em> en M\u00e9xico, ofreci\u00f3 experiencia gastron\u00f3mica para cerrar 2022"},"content":{"rendered":"<h2>De cinco estrellas<\/h2>\n<h5>Victoria Gonz\u00e1lez Prado<\/h5>\n<p>&nbsp;<\/p>\n<ul>\n<li><strong><em>A s\u00f3lo cuatro meses del lanzamiento del programa de lealtad, \u2018Doters\u2019, de Viva Aerobus, ya superaron un mill\u00f3n de miembros<\/em><\/strong><\/li>\n<li><strong><em>Sales Internacional, organiz\u00f3 <\/em>Media Breakfast<em>, para dar a conocer el resumen del a\u00f1o 2022<\/em><\/strong><\/li>\n<\/ul>\n<p><strong>\u00a0<\/strong><\/p>\n<div id=\"attachment_570339\" style=\"width: 470px\" class=\"wp-caption aligncenter\"><a href=\"https:\/\/www.diarioimagen.net\/?attachment_id=570339\" rel=\"attachment wp-att-570339\"><img loading=\"lazy\" decoding=\"async\" aria-describedby=\"caption-attachment-570339\" class=\"size-full wp-image-570339\" src=\"https:\/\/www.diarioimagen.net\/wp-content\/uploads\/2023\/01\/turismo-1.jpg\" alt=\"\" width=\"460\" height=\"270\" \/><\/a><p id=\"caption-attachment-570339\" class=\"wp-caption-text\">El equipo de trabajo de la aseguradora.<\/p><\/div>\n<p>&nbsp;<\/p>\n<p><strong>Silvina Garc\u00eda Fillol<\/strong>, <em>Country manager<\/em> de <em>Universal Assistance<\/em> en M\u00e9xico, ofreci\u00f3 experiencia gastron\u00f3mica para cerrar el a\u00f1o y reuni\u00f3, junto con su equipo de trabajo, a socios, amigos y prensa.<\/p>\n<p>La experiencia inici\u00f3 con clase de cocteler\u00eda a cargo de <strong>\u00c1lvaro Rivas<\/strong>, mix\u00f3logo y <em>Head Bartender<\/em>. Despu\u00e9s, la gastronom\u00eda a cargo del chef <strong>Alexis Preschez<\/strong>, quien hizo gala de su sapiencia deleitando los paladares, de todos los ah\u00ed reunidos, con exquisito men\u00fa.<\/p>\n<p>En su oportunidad,<strong> Garc\u00eda Fillol<\/strong> dijo, \u201cla compa\u00f1\u00eda cierra 2022 con 30 por ciento arriba de la facturaci\u00f3n de 2019 y este crecimiento impacta tambi\u00e9n positivamente en los agentes de viajes.<\/p>\n<p>\u201cContinuaremos trabajando para ofrecer a los viajeros un servicio de excelencia. Nosotros lo llamamos \u2018experiencias memorables\u2019, como la que hemos tenido hoy, y ah\u00ed estar\u00e1 puesta nuestra artiller\u00eda en el 2023 a\u00f1o en el que vamos a tener muchas novedades\u201d.<\/p>\n<p>De igual forma agreg\u00f3, \u201cvamos a seguir afianzando nuestra tecnolog\u00eda al servicio del cliente para generar un servicio m\u00e1s a la mano. Seremos innovadores para marcar diferencia. Tenemos ese poder\u00edo y la omnicanalidad ya es parte del ADN de nuestra compa\u00f1\u00eda\u201d.<\/p>\n<p><strong>Silvina<\/strong> se\u00f1al\u00f3 tambi\u00e9n que hay \u201cuna conciencia mucho m\u00e1s fuerte en este mercado respecto al producto, pero todav\u00eda hay mucho por hacer, Mi meta es llevar a M\u00e9xico al podio de ventas en Latinoam\u00e9rica, pero todav\u00eda nos falta.<\/p>\n<p>\u201cHoy estamos para cuidar los sue\u00f1os de sus clientes, los viajeros. Recordemos que despu\u00e9s de dos a\u00f1os de pandemia la asistencia al viajero dej\u00f3 de ser un agregado dentro del viaje y pas\u00f3 a ser protagonista. La asistencia al viajero agrega valor al viaje\u201d.<\/p>\n<p>Antes de concluir, <strong>Garc\u00eda Fillol<\/strong>, dijo \u201cquiero dar un gran gracias en nombre de <em>Universal Assistance <\/em>y en mi nombre propio agradezco enormemente a este pa\u00eds, a su gente y a ustedes\u201d, concluy\u00f3 pidiendo un aplauso a su equipo de trabajo por todo el apoyo brindado desde su llegada a M\u00e9xico.<\/p>\n<p>\u2730\u2730\u2730\u2730\u2730 A tan s\u00f3lo cuatro meses del lanzamiento de <em>\u2018Doters\u2019<\/em>, programa de lealtad de Viva Aerobus, en comunicado de prensa informaron que ya superaron la meta del mill\u00f3n de miembros. Los afiliados pueden acumular puntos cada que vez que viajan en la aerol\u00ednea y canjearlos por otros vuelos; viajes en autob\u00fas v\u00eda ETN <em>Turistar,<\/em> Autov\u00edas La L\u00ednea y <em>Costa Line<\/em>; servicios adicionales y m\u00e1s.<\/p>\n<p>\u201cEn estos cuatro meses, se han expedido m\u00e1s de seis mil boletos de avi\u00f3n y autob\u00fas redimidos con <em>Doters<\/em>. En el comunicado se recuerda que al ser usuario del programa de lealtad, los pasajeros pueden tener acceso a beneficios exclusivos sin costo como equipaje adicional, selecci\u00f3n de asiento, abordaje y documentaci\u00f3n prioritaria, acceso a boletos recompensa y mucho m\u00e1s<\/p>\n<p>\u2730\u2730\u2730\u2730\u2730 <strong>\u00a0Jorge Sales<\/strong> Jr., director general de Sales Internacional, representante del Aeropuerto Internacional de Dallas Fort Worth (DFW) organiz\u00f3 <em>Media Breakfast<\/em>, para dar a conocer el resumen del a\u00f1o 2022.<\/p>\n<p>Estuvo acompa\u00f1ado de <strong>Milton de La Paz<\/strong>,<em> VP Airline Relations &amp; Cargo Business Development<\/em>; <strong>Iv\u00e1n Machado<\/strong>, <em>Sr. Manager Airline Retention<\/em> y<strong> Jon Seling<\/strong>, <em>Managing Director<\/em> todos del <em>DFW Airport. <\/em><\/p>\n<p>En su oportunidad <strong>Jorge Sales<\/strong> Jr., present\u00f3 a <strong>Daniel Reyes<\/strong>, nuevo gerente de cuenta quien dio a conocer los pormenores del aeropuerto, as\u00ed le cedi\u00f3 la palabra, y <strong>Daniel<\/strong> record\u00f3 que el aer\u00f3dromo cuenta con siete pistas, 165 puertas de abordaje y gran infraestructura.<\/p>\n<p>\u201cEl mercado mexicano es uno de los m\u00e1s importantes para el Aeropuerto DFW. Tan solo en 2019 represent\u00f3 25 por ciento de los viajeros totales. Este 2022 ese n\u00famero creci\u00f3 a 39 por ciento. En t\u00e9rminos de pasajeros internacionales, este a\u00f1o cerraremos con 8.8 millones, de los cuales 48\u00a0 por ciento son mexicanos, es decir, alrededor de 4.3 millones\u201d, dijo <strong>Danie<\/strong>l.<\/p>\n<p>Es as\u00ed como el aeropuerto ofrece grandes experiencias: Migraci\u00f3n con reconocimiento facial y excelente conexi\u00f3n entre terminales a trav\u00e9s del <em>Skylink<\/em> que pasa cada 2 minutos por las terminales. Adem\u00e1s, los viajeros pueden contar en todo momento con al apoyo del personal del aeropuerto, acceso a pantallas <em>touchscreen <\/em>en diferentes idiomas e incluso pueden bajar aplicaci\u00f3n para mantenerse actualizado sobre los vuelos o cualquier situaci\u00f3n dentro del aeropuerto.<\/p>\n<p>Tiene\u00a0distintos servicios para mejorar aun m\u00e1s la experiencia del viajero<strong>,<\/strong> <em>lounges<\/em> m\u00e1s c\u00f3modos en las terminales con \u00e1rea de ejercicio, juegos, spa y mucho m\u00e1s. Tambi\u00e9n, ampliaron espacios en las terminales A, C y D, con salas m\u00e1s modernas y puertas de embarque. Y se espera inversi\u00f3n considerable a futuro para a\u00f1adir nuevas puertas de embarque y renovaci\u00f3n de las pistas.<\/p>\n<p><strong>Daniel Reyes<\/strong> dijo que a trav\u00e9s del\u00a0<em>DFW Airport<\/em>\u00a0se puede llegar a\u00a0196 destinos nacionales y 67 internacionales\u00a0<strong>(<\/strong>24 a M\u00e9xico<strong>,<\/strong> cuatro a Canad\u00e1, nueve al Caribe, ocho a Europa, tres a Medio Oriente, tres a Asia\/Pac\u00edfico, tres a Ocean\u00eda y 13 a Sur y Centro Am\u00e9rica) y, es el <em>hub<\/em> de <em>American Airlines <\/em><\/p>\n<p>Est\u00e1 considerado como el aeropuerto numero dos en el mundo en n\u00famero de pasajeros al recibir\u00a072.8 millones de viajeros en 2022<strong>\u00a0<\/strong>y el n\u00famero tres en operaciones, m\u00e1s de 700 vuelos diarios.<\/p>\n<p>Para este a\u00f1o, 2023, se esperan 78.2 millones de viajeros 7 por ciento m\u00e1s.<\/p>\n<p>El <em>DFW Airport <\/em>est\u00e1 considerado como la puerta de entrada n\u00famero uno de Estados Unidos a M\u00e9xico. Es n\u00famero uno en Norteam\u00e9rica y ocupa el noveno lugar de forma internacional en vuelos de conexi\u00f3n.<\/p>\n<p>En t\u00e9rminos de sustentabilidad, es el primer aeropuerto con acreditaci\u00f3n <em>STAR<\/em> de GBAC y ha bajado 70 por ciento las emisiones de CO2 comparado con el a\u00f1o 2010 y 100 por ciento de la electricidad que se genera proviene de parques e\u00f3licos.<\/p>\n<p>&nbsp;<\/p>\n<blockquote>\n<p style=\"text-align: right;\">\u201c<strong>El<\/strong> <strong>\u00e1ngel de la fama tiene sus alas hechas de papel&#8230; peri\u00f3dico\u201d.<br \/>\n<\/strong><\/p>\n<\/blockquote>\n<p>&nbsp;<\/p>\n<p><em><span class=\"Apple-converted-space\"><a href=\"mailto:victoriagprado@gmail.com\" target=\"_blank\" rel=\"noopener noreferrer\">victoriagprado@gmail.com<\/a><br \/>\nTwitter: <a href=\"https:\/\/twitter.com\/victoriagprado\" target=\"_blank\" rel=\"noopener noreferrer\">@victoriagprado<\/a><\/span><\/em><\/p>\n","protected":false},"excerpt":{"rendered":"<p><strong>Silvina Garc\u00eda Fillol<\/strong>, <em>Country manager<\/em> de <em>Universal Assistance<\/em> en M\u00e9xico, ofreci\u00f3 experiencia gastron\u00f3mica para cerrar el a\u00f1o y reuni\u00f3, junto con su equipo de trabajo, a socios, amigos y prensa.<\/p>\n","protected":false},"author":3,"featured_media":570339,"comment_status":"open","ping_status":"open","sticky":false,"template":"","format":"standard","meta":{"_monsterinsights_skip_tracking":false,"_monsterinsights_sitenote_active":false,"_monsterinsights_sitenote_note":"","_monsterinsights_sitenote_category":0,"footnotes":""},"categories":[11],"tags":[107,43674,43681,106],"class_list":["post-570306","post","type-post","status-publish","format-standard","has-post-thumbnail","hentry","category-turismo","tag-de-cinco-estrellas","tag-opinion","tag-turismo","tag-victoria-gonzalez-prado"],"_links":{"self":[{"href":"https:\/\/www.diarioimagen.net\/index.php?rest_route=\/wp\/v2\/posts\/570306","targetHints":{"allow":["GET"]}}],"collection":[{"href":"https:\/\/www.diarioimagen.net\/index.php?rest_route=\/wp\/v2\/posts"}],"about":[{"href":"https:\/\/www.diarioimagen.net\/index.php?rest_route=\/wp\/v2\/types\/post"}],"author":[{"embeddable":true,"href":"https:\/\/www.diarioimagen.net\/index.php?rest_route=\/wp\/v2\/users\/3"}],"replies":[{"embeddable":true,"href":"https:\/\/www.diarioimagen.net\/index.php?rest_route=%2Fwp%2Fv2%2Fcomments&post=570306"}],"version-history":[{"count":0,"href":"https:\/\/www.diarioimagen.net\/index.php?rest_route=\/wp\/v2\/posts\/570306\/revisions"}],"wp:featuredmedia":[{"embeddable":true,"href":"https:\/\/www.diarioimagen.net\/index.php?rest_route=\/wp\/v2\/media\/570339"}],"wp:attachment":[{"href":"https:\/\/www.diarioimagen.net\/index.php?rest_route=%2Fwp%2Fv2%2Fmedia&parent=570306"}],"wp:term":[{"taxonomy":"category","embeddable":true,"href":"https:\/\/www.diarioimagen.net\/index.php?rest_route=%2Fwp%2Fv2%2Fcategories&post=570306"},{"taxonomy":"post_tag","embeddable":true,"href":"https:\/\/www.diarioimagen.net\/index.php?rest_route=%2Fwp%2Fv2%2Ftags&post=570306"}],"curies":[{"name":"wp","href":"https:\/\/api.w.org\/{rel}","templated":true}]}}