{"id":570364,"date":"2023-01-05T00:04:02","date_gmt":"2023-01-05T06:04:02","guid":{"rendered":"https:\/\/www.diarioimagen.net\/?p=570364"},"modified":"2023-01-05T23:15:56","modified_gmt":"2023-01-06T05:15:56","slug":"academicas-de-la-uaemex-destacan-la-importancia-de-la-investigacion-de-la-migracion-con-perspectiva-de-genero","status":"publish","type":"post","link":"https:\/\/www.diarioimagen.net\/?p=570364","title":{"rendered":"Acad\u00e9micas de la UAEM\u00e9x destacan la importancia de la investigaci\u00f3n de la migraci\u00f3n con perspectiva de g\u00e9nero"},"content":{"rendered":"<p>&nbsp;<\/p>\n<div id=\"attachment_570407\" style=\"width: 470px\" class=\"wp-caption aligncenter\"><a href=\"https:\/\/www.diarioimagen.net\/?attachment_id=570407\" rel=\"attachment wp-att-570407\"><img loading=\"lazy\" decoding=\"async\" aria-describedby=\"caption-attachment-570407\" class=\"size-full wp-image-570407\" src=\"https:\/\/www.diarioimagen.net\/wp-content\/uploads\/2023\/01\/uaem-academicas.jpg\" alt=\"\" width=\"460\" height=\"270\" \/><\/a><p id=\"caption-attachment-570407\" class=\"wp-caption-text\">Destacaron que en los estudios de las migraciones el g\u00e9nero no es un variable, es una categor\u00eda central que permite entender c\u00f3mo opera en la construcci\u00f3n y permanencia de las identidades en la migraci\u00f3n.<\/p><\/div>\n<p>&nbsp;<\/p>\n<p><strong>Toluca, Estado de M\u00e9xico.\u2014<\/strong> Los factores, las modalidades y los impactos de la migraci\u00f3n de las mujeres mantienen especificidades derivadas del orden de g\u00e9nero durante el siglo XXI, ya que representan 49 por ciento de la poblaci\u00f3n migrante a nivel mundial, destacaron especialistas de la Universidad Aut\u00f3noma del Estado de M\u00e9xico (UAEM\u00e9x), al impartir la conferencia \u201cMigraciones y Movilidad en Clave Femenina: Mujeres en Tr\u00e1nsito Migratorio en el Valle de Toluca\u201d, en la Facultad de Planeaci\u00f3n Urbana y Regional.<\/p>\n<p>Acompa\u00f1adas de la directora General de Comunicaci\u00f3n Universitaria, Ginarely Valencia Alc\u00e1ntara; el director de la Facultad, Isidro Rogel Fajardo, y la alumna Monserrat L\u00f3pez Tapia, las acad\u00e9micas de la M\u00e1xima Casa de Estudios mexiquense, Karla Ivonne Brito G\u00f3mez e Itzel Abril Tinoco G\u00f3nzalez enfatizaron que en los \u00faltimos a\u00f1os la presencia de migrantes ha aumentado y tiene ciertas particularidades dentro de la zona metropolitana de Toluca, en donde hay una amplia presencia de mujeres centroamericanas .<\/p>\n<p>Abril Tinoco G\u00f3nzalez destac\u00f3 que para 2020 la poblaci\u00f3n migrante fue de 280 millones de personas, lo que representa aproximadamente 3.3 por ciento de la poblaci\u00f3n mundial. De esta cifra, las mujeres representaron 49 por ciento de la poblaci\u00f3n migrante mundial, es decir, la mitad de la poblaci\u00f3n migrante. Por ello, es importante mirar y estudiar la migraci\u00f3n desde una perspectiva feminista, ya que los factores, las modalidades y los impactos de la movilidad femenina son aut\u00f3nomos de los proyectos masculinos.<\/p>\n<p>\u201cCuando hablamos de mujeres migrantes no estamos hablando de un colectivo homog\u00e9neo. Incluso cuando hablamos de mujeres migrantes centroamericanas no existe una homogeneizaci\u00f3n, ni siquiera cuando referimos una nacionalidad, porque puede haber mujeres hondure\u00f1as en tr\u00e1nsito que se van a enfrentar a su color de piel y esto las puede vulnerar en el camino\u201d, apunt\u00f3.<\/p>\n<p>Ambas investigadoras coincidieron que actualmente M\u00e9xico es considerado un pa\u00eds destino y de refugio para la poblaci\u00f3n migrante. En el caso del Valle de Toluca, al ser una ciudad intermedia, se ve permeada por migraci\u00f3n en tr\u00e1nsito y procesos de movilidad y no movilidad.<\/p>\n<p>Adem\u00e1s, destacaron que las mujeres centroamericanas en migraci\u00f3n en tr\u00e1nsito componen aproximadamente 20 por ciento del flujo migratorio, proveniente de Centro Am\u00e9rica, es decir, dos de cada 10 personas en tr\u00e1nsito por el pa\u00eds son mujeres.<\/p>\n<p>En este sentido, Karla Brito explic\u00f3 que ante estos procesos migratorios se viven otros fen\u00f3menos como la orfandad de facto de las abuelas, ya que ellas se ocupan del cuidado de las y los nietos durante largos a\u00f1os y cuando las familias buscan reunirse ellas se quedan en los pa\u00edses de origen.<\/p>\n<p>Finalmente, Brito G\u00f3mez resalt\u00f3 el trabajo de investigaci\u00f3n que es realizado desde la UAEM\u00e9x y el impacto social que genera para abrir el di\u00e1logo en torno a las migraciones de forma humana con perspectiva de g\u00e9nero.<\/p>\n","protected":false},"excerpt":{"rendered":"<p>Los factores, las modalidades y los impactos de la migraci\u00f3n de las mujeres mantienen especificidades derivadas del orden de g\u00e9nero durante el siglo XXI, ya que representan 49 por ciento de la poblaci\u00f3n migrante a nivel mundial, destacaron especialistas de la Universidad Aut\u00f3noma del Estado de M\u00e9xico (UAEM\u00e9x), al impartir la conferencia \u201cMigraciones y Movilidad en Clave Femenina: Mujeres en Tr\u00e1nsito Migratorio en el Valle de Toluca\u201d, en la Facultad de Planeaci\u00f3n Urbana y Regional.<\/p>\n","protected":false},"author":3,"featured_media":570407,"comment_status":"open","ping_status":"open","sticky":false,"template":"","format":"standard","meta":{"_monsterinsights_skip_tracking":false,"_monsterinsights_sitenote_active":false,"_monsterinsights_sitenote_note":"","_monsterinsights_sitenote_category":0,"footnotes":""},"categories":[5],"tags":[43675,4055,452],"class_list":["post-570364","post","type-post","status-publish","format-standard","has-post-thumbnail","hentry","category-estado-de-mexico","tag-estado-de-mexico","tag-migracion","tag-toluca"],"_links":{"self":[{"href":"https:\/\/www.diarioimagen.net\/index.php?rest_route=\/wp\/v2\/posts\/570364","targetHints":{"allow":["GET"]}}],"collection":[{"href":"https:\/\/www.diarioimagen.net\/index.php?rest_route=\/wp\/v2\/posts"}],"about":[{"href":"https:\/\/www.diarioimagen.net\/index.php?rest_route=\/wp\/v2\/types\/post"}],"author":[{"embeddable":true,"href":"https:\/\/www.diarioimagen.net\/index.php?rest_route=\/wp\/v2\/users\/3"}],"replies":[{"embeddable":true,"href":"https:\/\/www.diarioimagen.net\/index.php?rest_route=%2Fwp%2Fv2%2Fcomments&post=570364"}],"version-history":[{"count":0,"href":"https:\/\/www.diarioimagen.net\/index.php?rest_route=\/wp\/v2\/posts\/570364\/revisions"}],"wp:featuredmedia":[{"embeddable":true,"href":"https:\/\/www.diarioimagen.net\/index.php?rest_route=\/wp\/v2\/media\/570407"}],"wp:attachment":[{"href":"https:\/\/www.diarioimagen.net\/index.php?rest_route=%2Fwp%2Fv2%2Fmedia&parent=570364"}],"wp:term":[{"taxonomy":"category","embeddable":true,"href":"https:\/\/www.diarioimagen.net\/index.php?rest_route=%2Fwp%2Fv2%2Fcategories&post=570364"},{"taxonomy":"post_tag","embeddable":true,"href":"https:\/\/www.diarioimagen.net\/index.php?rest_route=%2Fwp%2Fv2%2Ftags&post=570364"}],"curies":[{"name":"wp","href":"https:\/\/api.w.org\/{rel}","templated":true}]}}