{"id":570365,"date":"2023-01-05T00:05:37","date_gmt":"2023-01-05T06:05:37","guid":{"rendered":"https:\/\/www.diarioimagen.net\/?p=570365"},"modified":"2023-01-05T23:15:41","modified_gmt":"2023-01-06T05:15:41","slug":"sistema-braille-unico-medio-de-acceso-a-la-cultura-y-al-aprendizaje-para-personas-ciegas-y-sordas-yuritza-medellin","status":"publish","type":"post","link":"https:\/\/www.diarioimagen.net\/?p=570365","title":{"rendered":"Sistema Braille, \u00fanico medio de acceso a la cultura y al aprendizaje para personas ciegas y sordas: Yuritza Medell\u00edn"},"content":{"rendered":"<p>&nbsp;<\/p>\n<div id=\"attachment_570411\" style=\"width: 470px\" class=\"wp-caption aligncenter\"><a href=\"https:\/\/www.diarioimagen.net\/?attachment_id=570411\" rel=\"attachment wp-att-570411\"><img loading=\"lazy\" decoding=\"async\" aria-describedby=\"caption-attachment-570411\" class=\"size-full wp-image-570411\" src=\"https:\/\/www.diarioimagen.net\/wp-content\/uploads\/2023\/01\/uaem-braille.jpg\" alt=\"\" width=\"460\" height=\"270\" \/><\/a><p id=\"caption-attachment-570411\" class=\"wp-caption-text\">La narradora y editora egresada de la UAEM\u00e9x afirm\u00f3 que este sistema de lectura y escritura t\u00e1ctil fomenta la integraci\u00f3n en todos los \u00e1mbitos, favorece el respeto a la diversidad de las personas y beneficia la autonom\u00eda personal de las ni\u00f1as, ni\u00f1os y personas afectadas.<\/p><\/div>\n<p>&nbsp;<\/p>\n<p><strong>Toluca, Estado de M\u00e9xico<\/strong>.\u2014 Los progresos tecnol\u00f3gicos deber\u00edan aprovecharse para mejorar el uso del Braille y no para reemplazarlo, sostuvo la narradora y editora egresada de la Facultad de Humanidades de la Universidad Aut\u00f3noma del Estado de M\u00e9xico (UAEM\u00e9x), Yuritza Medell\u00edn S\u00e1nchez, quien destac\u00f3 que la alfabetizaci\u00f3n, es decir la capacidad de leer y escribir, es vital para desarrollarte en el \u00e1mbito educativo y mejorar la calidad de vida.<\/p>\n<p>Con motivo del D\u00eda Mundial del Braille, que desde 2019, se conmemora el 4 de enero, asever\u00f3 que desde hace 200 a\u00f1os que se implement\u00f3 este sistema en la educaci\u00f3n han resultado varias problem\u00e1ticas que con el tiempo han ido evolucionando.<\/p>\n<p>\u201cHoy en d\u00eda, gracias a eso, muchos estudiantes tienen acceso a diversos tipos de dispositivos como salidas de Braille ef\u00edmero y anotadores de Braille. Los libros que se emplean ahora, por ejemplo, se producen con frecuencia por medio de impresoras de relieve de alta velocidad, que usan un programa para convertir las letras ordinarias en celdillas de Braille y cuyo costo ya no es exorbitante\u201d, dijo.<\/p>\n<p>Sin embargo, puntualiz\u00f3, existe una preocupaci\u00f3n en la comunidad de personas ciegas con respecto a la existencia de menor apoyo a la ense\u00f1anza, uso e inversiones del sistema Braille, particularmente la creencia de que los dispositivos tecnol\u00f3gicos tales como libros electr\u00f3nicos, audiolibros y lectores de pantalla pueden reemplazar por completo el sistema Braille.<\/p>\n<p>Manifest\u00f3 que el sistema de lectura y escritura t\u00e1ctil Braille es complejo de aprender, en especial si se comienza en edades avanzadas, adem\u00e1s de que ocupa m\u00e1s espacio que en tinta y, por supuesto, tiene ciertas limitaciones, pues no hay subrayados, m\u00e1rgenes, negritas, cuadros y tablas.<\/p>\n<p>Sin embargo, enfatiz\u00f3, debemos tener presente que en el caso de las personas ciegas y sordas constituye el \u00fanico medio de acceso a la cultura y al aprendizaje, fomenta la integraci\u00f3n en todos los \u00e1mbitos, ya sea escolar, social y laboral, favorece el respeto a la diversidad de las personas y beneficia la autonom\u00eda personal de las ni\u00f1as, ni\u00f1os y personas afectadas, ayuda a desarrollar el tacto y refuerza el tono muscular.<\/p>\n<p>Yuritza Medell\u00edn S\u00e1nchez subray\u00f3 que el sistema Braille es ideal para el aprendizaje de la lectoescritura, el juego simb\u00f3lico y ciertas habilidades que favorecen la expresi\u00f3n y comunicaci\u00f3n.<\/p>\n","protected":false},"excerpt":{"rendered":"<p>Los progresos tecnol\u00f3gicos deber\u00edan aprovecharse para mejorar el uso del Braille y no para reemplazarlo, sostuvo la narradora y editora egresada de la Facultad de Humanidades de la Universidad Aut\u00f3noma del Estado de M\u00e9xico (UAEM\u00e9x), Yuritza Medell\u00edn S\u00e1nchez, quien destac\u00f3 que la alfabetizaci\u00f3n, es decir la capacidad de leer y escribir, es vital para desarrollarte en el \u00e1mbito educativo y mejorar la calidad de vida.<\/p>\n","protected":false},"author":3,"featured_media":570411,"comment_status":"open","ping_status":"open","sticky":false,"template":"","format":"standard","meta":{"_monsterinsights_skip_tracking":false,"_monsterinsights_sitenote_active":false,"_monsterinsights_sitenote_note":"","_monsterinsights_sitenote_category":0,"footnotes":""},"categories":[5],"tags":[97120,97119,97121],"class_list":["post-570365","post","type-post","status-publish","format-standard","has-post-thumbnail","hentry","category-estado-de-mexico","tag-ciegas","tag-sistema-braille","tag-sordas"],"_links":{"self":[{"href":"https:\/\/www.diarioimagen.net\/index.php?rest_route=\/wp\/v2\/posts\/570365","targetHints":{"allow":["GET"]}}],"collection":[{"href":"https:\/\/www.diarioimagen.net\/index.php?rest_route=\/wp\/v2\/posts"}],"about":[{"href":"https:\/\/www.diarioimagen.net\/index.php?rest_route=\/wp\/v2\/types\/post"}],"author":[{"embeddable":true,"href":"https:\/\/www.diarioimagen.net\/index.php?rest_route=\/wp\/v2\/users\/3"}],"replies":[{"embeddable":true,"href":"https:\/\/www.diarioimagen.net\/index.php?rest_route=%2Fwp%2Fv2%2Fcomments&post=570365"}],"version-history":[{"count":0,"href":"https:\/\/www.diarioimagen.net\/index.php?rest_route=\/wp\/v2\/posts\/570365\/revisions"}],"wp:featuredmedia":[{"embeddable":true,"href":"https:\/\/www.diarioimagen.net\/index.php?rest_route=\/wp\/v2\/media\/570411"}],"wp:attachment":[{"href":"https:\/\/www.diarioimagen.net\/index.php?rest_route=%2Fwp%2Fv2%2Fmedia&parent=570365"}],"wp:term":[{"taxonomy":"category","embeddable":true,"href":"https:\/\/www.diarioimagen.net\/index.php?rest_route=%2Fwp%2Fv2%2Fcategories&post=570365"},{"taxonomy":"post_tag","embeddable":true,"href":"https:\/\/www.diarioimagen.net\/index.php?rest_route=%2Fwp%2Fv2%2Ftags&post=570365"}],"curies":[{"name":"wp","href":"https:\/\/api.w.org\/{rel}","templated":true}]}}