{"id":570379,"date":"2023-01-05T00:01:50","date_gmt":"2023-01-05T06:01:50","guid":{"rendered":"https:\/\/www.diarioimagen.net\/?p=570379"},"modified":"2023-01-05T02:24:21","modified_gmt":"2023-01-05T08:24:21","slug":"el-instituto-electoral-del-estado-de-mexico-da-banderazo-de-inicio-al-proceso-electoral","status":"publish","type":"post","link":"https:\/\/www.diarioimagen.net\/?p=570379","title":{"rendered":"El Instituto Electoral del Estado de M\u00e9xico da banderazo de inicio al proceso electoral"},"content":{"rendered":"<p>&nbsp;<\/p>\n<ul>\n<li><em><strong>Se alistan coalici\u00f3n opositora y Morena<\/strong><\/em><\/li>\n<\/ul>\n<p><strong>\u00a0<\/strong><\/p>\n<h6>Arturo Baena<\/h6>\n<p>&nbsp;<\/p>\n<div id=\"attachment_570448\" style=\"width: 470px\" class=\"wp-caption aligncenter\"><a href=\"https:\/\/www.diarioimagen.net\/?attachment_id=570448\" rel=\"attachment wp-att-570448\"><img loading=\"lazy\" decoding=\"async\" aria-describedby=\"caption-attachment-570448\" class=\"size-full wp-image-570448\" src=\"https:\/\/www.diarioimagen.net\/wp-content\/uploads\/2023\/01\/instituto-electoral.jpg\" alt=\"\" width=\"460\" height=\"270\" \/><\/a><p id=\"caption-attachment-570448\" class=\"wp-caption-text\">El Instituto Electoral del Estado de M\u00e9xico (IEEM) dio el banderazo de inicio del proceso electoral 2023.<\/p><\/div>\n<p>&nbsp;<\/p>\n<p><strong>Toluca, Estado de M\u00e9xico.\u2014<\/strong> Uno de los procesos electorales m\u00e1s importante del pa\u00eds, que cuenta con mayor presupuesto, arranc\u00f3 el d\u00eda de ayer mi\u00e9rcoles en el Estado de M\u00e9xico para elegir gobernador.<\/p>\n<p>Se di\u00f3 el banderazo de arranque en el Instituto Electoral del Estado de M\u00e9xico (IEEM), para el proceso donde se prev\u00e9 que existan dos principales oponentes: La alianza PRI-PAN-PRD y Morena, quien a\u00fan no ha anunciado s\u00ed ir\u00e1 por su cuenta o contar\u00e1 con aliados pol\u00edticos.<\/p>\n<p>Actualmente, Alejandra Del Moral, coordinadora por la Defensa del Estado de M\u00e9xico por el Partido Revolucionario Institucional (PRI), se\u00a0 perfila como la posible candidata de la coalici\u00f3n PRI-PAN-PRD, quienes anunciaron su uni\u00f3n a finales de diciembre.<\/p>\n<p>Por otra parte, se encuentra Delfina G\u00f3mez, virtual candidata de Morena, quien hasta hace unos meses fue titular de la Secretar\u00eda de Educaci\u00f3n P\u00fablica y, actualmente funge como senadora del Congreso de la Uni\u00f3n.<\/p>\n<p>Por su parte, a\u00fan existe la posibilidad de que Enrique Vargas Del Villar, militante del PAN (Partido Acci\u00f3n Nacional) y actual diputado del Congreso del Estado de M\u00e9xico, encabece la coalici\u00f3n PRI-PAN-PRD; sin embargo, a\u00fan no existe un se\u00f1alamiento claro para que sea una realidad.<\/p>\n<p>Y finalmente se encuentra el senador Juan Zepeda, posible aspirante de Movimiento Ciudadano (MC), quien ya levant\u00f3 la mano p\u00fablicamente como posible aspirante.<\/p>\n<p>Hasta el momento, las y los candidatos independientes que ha reportado el IEEM son: Mar\u00eda del Rosario Mendoza G\u00f3mez, Jes\u00fas Iv\u00e1n Pinto Medina, Albelardo Gorostieta Uribe y Ana Elena Medina Pacheco, quienes hasta el pr\u00f3ximo 12 de febrero tendr\u00e1n que realizar la captaci\u00f3n de firmas de la ciudadan\u00eda a trav\u00e9s de una aplicaci\u00f3n m\u00f3vil brindada por el INE para poder concluir su registro.<\/p>\n<p>Cabe se\u00f1alar que esta ser\u00e1 la segunda ocasi\u00f3n en que la ciudadan\u00eda mexiquense tendr\u00e1 la oportunidad de postularse a una candidatura para el cargo de la gubernatura por la v\u00eda independiente, ya que, en 2017, por primera vez en la historia de la entidad particip\u00f3 en la contienda la candidata independiente Mar\u00eda Teresa Castell.<\/p>\n","protected":false},"excerpt":{"rendered":"<p>Uno de los procesos electorales m\u00e1s importante del pa\u00eds, que cuenta con mayor presupuesto, arranc\u00f3 el d\u00eda de ayer mi\u00e9rcoles en el Estado de M\u00e9xico para elegir gobernador.<\/p>\n","protected":false},"author":3,"featured_media":570448,"comment_status":"open","ping_status":"open","sticky":false,"template":"","format":"standard","meta":{"_monsterinsights_skip_tracking":false,"_monsterinsights_sitenote_active":false,"_monsterinsights_sitenote_note":"","_monsterinsights_sitenote_category":0,"footnotes":""},"categories":[5],"tags":[22588,18175,43675,452],"class_list":["post-570379","post","type-post","status-publish","format-standard","has-post-thumbnail","hentry","category-estado-de-mexico","tag-banderazo","tag-electoral","tag-estado-de-mexico","tag-toluca"],"_links":{"self":[{"href":"https:\/\/www.diarioimagen.net\/index.php?rest_route=\/wp\/v2\/posts\/570379","targetHints":{"allow":["GET"]}}],"collection":[{"href":"https:\/\/www.diarioimagen.net\/index.php?rest_route=\/wp\/v2\/posts"}],"about":[{"href":"https:\/\/www.diarioimagen.net\/index.php?rest_route=\/wp\/v2\/types\/post"}],"author":[{"embeddable":true,"href":"https:\/\/www.diarioimagen.net\/index.php?rest_route=\/wp\/v2\/users\/3"}],"replies":[{"embeddable":true,"href":"https:\/\/www.diarioimagen.net\/index.php?rest_route=%2Fwp%2Fv2%2Fcomments&post=570379"}],"version-history":[{"count":0,"href":"https:\/\/www.diarioimagen.net\/index.php?rest_route=\/wp\/v2\/posts\/570379\/revisions"}],"wp:featuredmedia":[{"embeddable":true,"href":"https:\/\/www.diarioimagen.net\/index.php?rest_route=\/wp\/v2\/media\/570448"}],"wp:attachment":[{"href":"https:\/\/www.diarioimagen.net\/index.php?rest_route=%2Fwp%2Fv2%2Fmedia&parent=570379"}],"wp:term":[{"taxonomy":"category","embeddable":true,"href":"https:\/\/www.diarioimagen.net\/index.php?rest_route=%2Fwp%2Fv2%2Fcategories&post=570379"},{"taxonomy":"post_tag","embeddable":true,"href":"https:\/\/www.diarioimagen.net\/index.php?rest_route=%2Fwp%2Fv2%2Ftags&post=570379"}],"curies":[{"name":"wp","href":"https:\/\/api.w.org\/{rel}","templated":true}]}}