{"id":570383,"date":"2023-01-05T00:02:37","date_gmt":"2023-01-05T06:02:37","guid":{"rendered":"https:\/\/www.diarioimagen.net\/?p=570383"},"modified":"2023-01-05T02:23:49","modified_gmt":"2023-01-05T08:23:49","slug":"reflexion-en-redes-sociales-sobre-musica-actual-y-su-repercusion-en-la-sociedad","status":"publish","type":"post","link":"https:\/\/www.diarioimagen.net\/?p=570383","title":{"rendered":"Reflexi\u00f3n en redes sociales sobre m\u00fasica actual y su repercusi\u00f3n en la sociedad"},"content":{"rendered":"<p>&nbsp;<\/p>\n<ul>\n<li><em><strong>Conversatorio en Toluca<\/strong><\/em><\/li>\n<\/ul>\n<p>&nbsp;<\/p>\n<div id=\"attachment_570446\" style=\"width: 470px\" class=\"wp-caption aligncenter\"><a href=\"https:\/\/www.diarioimagen.net\/?attachment_id=570446\" rel=\"attachment wp-att-570446\"><img loading=\"lazy\" decoding=\"async\" aria-describedby=\"caption-attachment-570446\" class=\"size-full wp-image-570446\" src=\"https:\/\/www.diarioimagen.net\/wp-content\/uploads\/2023\/01\/reflexion-en-redes.jpg\" alt=\"\" width=\"460\" height=\"270\" \/><\/a><p id=\"caption-attachment-570446\" class=\"wp-caption-text\">En el marco del programa virtual Cultura, Turismo y Deporte en un Click 3.0, tuvo lugar el conversatorio COMEMtando entre m\u00fasica y artes.<\/p><\/div>\n<p>&nbsp;<\/p>\n<p><strong>Toluca, Estado de M\u00e9xico.\u2014<\/strong> Como parte del programa virtual Cultura, Turismo y Deporte en un Click 3.0, tuvo lugar el conversatorio COMEMtando entre m\u00fasica y artes. Con la representaci\u00f3n del director del Conservatorio de M\u00fasica del Estado de M\u00e9xico (COMEM), Luis Manuel Garc\u00eda Pe\u00f1a, Guadalupe Mac\u00edas condujo esta charla que vers\u00f3 sobra la m\u00fasica actual y su repercusi\u00f3n en la sociedad.<\/p>\n<p>Para ello, tuvo como invitados a Israel Cruz, Itziar Fadrique y Jean Angelus Pichardo, quienes coincidieron en que la m\u00fasica es el veh\u00edculo que hace y que permite la reflexi\u00f3n y la comunicaci\u00f3n, es un instrumento para la paz que permite sanar, adem\u00e1s de ser un modo de vida.<\/p>\n<p>La m\u00fasica, dijeron, es un abrigo para el alma que en esta pandemia por COVID-19, ha podido hacer m\u00e1s llevadero el encierro para muchos.<\/p>\n<p>\u201cSiempre han existido los movimientos como el Ars Nova, el Ars Antiqua; se suele separar la m\u00fasica, sin embargo, es muy dif\u00edcil hacerlo porque la m\u00fasica es el resultado de procesos sociales\u201d, coment\u00f3 Israel Cruz.<\/p>\n<p>Por su parte, Itziar Fadrique coment\u00f3 que \u201ctoda la m\u00fasica que se escucha en un momento presente es actual, es muy dif\u00edcil pensar en m\u00fasica presente y pasada, cuando en realidad la m\u00fasica solamente existe en el presente. La m\u00fasica vive en el recuerdo de nuestras mentes. Considero que toda la m\u00fasica que se escucha es actual\u201d.<\/p>\n<p>Jean Angelus Pichardo considera que \u201cdefinir es limitar, no podemos hablar de la m\u00fasica desde una parte ya que \u00e9sta tiene una conexi\u00f3n importante con la cuesti\u00f3n social, es una cuesti\u00f3n evolutiva que no cesa\u201d.<\/p>\n<p>En esta iniciativa de la Secretar\u00eda de Cultura y Turismo, las y los cibernautas pueden disfrutar tambi\u00e9n de literatura, cine, exposiciones, recomendaciones deportivas y tur\u00edsticas desde la comodidad de sus hogares.<\/p>\n<p>Para seguir esta charla y conocer la programaci\u00f3n semanal se pueden seguir las redes sociales oficiales de la dependencia estatal por Facebook y Twitter en @CulturaEdomex.<\/p>\n","protected":false},"excerpt":{"rendered":"<p>Como parte del programa virtual Cultura, Turismo y Deporte en un Click 3.0, tuvo lugar el conversatorio COMEMtando entre m\u00fasica y artes. Con la representaci\u00f3n del director del Conservatorio de M\u00fasica del Estado de M\u00e9xico (COMEM), Luis Manuel Garc\u00eda Pe\u00f1a, Guadalupe Mac\u00edas condujo esta charla que vers\u00f3 sobra la m\u00fasica actual y su repercusi\u00f3n en la sociedad.<\/p>\n","protected":false},"author":3,"featured_media":570446,"comment_status":"open","ping_status":"open","sticky":false,"template":"","format":"standard","meta":{"_monsterinsights_skip_tracking":false,"_monsterinsights_sitenote_active":false,"_monsterinsights_sitenote_note":"","_monsterinsights_sitenote_category":0,"footnotes":""},"categories":[5],"tags":[70879,43675,452],"class_list":["post-570383","post","type-post","status-publish","format-standard","has-post-thumbnail","hentry","category-estado-de-mexico","tag-comem","tag-estado-de-mexico","tag-toluca"],"_links":{"self":[{"href":"https:\/\/www.diarioimagen.net\/index.php?rest_route=\/wp\/v2\/posts\/570383","targetHints":{"allow":["GET"]}}],"collection":[{"href":"https:\/\/www.diarioimagen.net\/index.php?rest_route=\/wp\/v2\/posts"}],"about":[{"href":"https:\/\/www.diarioimagen.net\/index.php?rest_route=\/wp\/v2\/types\/post"}],"author":[{"embeddable":true,"href":"https:\/\/www.diarioimagen.net\/index.php?rest_route=\/wp\/v2\/users\/3"}],"replies":[{"embeddable":true,"href":"https:\/\/www.diarioimagen.net\/index.php?rest_route=%2Fwp%2Fv2%2Fcomments&post=570383"}],"version-history":[{"count":0,"href":"https:\/\/www.diarioimagen.net\/index.php?rest_route=\/wp\/v2\/posts\/570383\/revisions"}],"wp:featuredmedia":[{"embeddable":true,"href":"https:\/\/www.diarioimagen.net\/index.php?rest_route=\/wp\/v2\/media\/570446"}],"wp:attachment":[{"href":"https:\/\/www.diarioimagen.net\/index.php?rest_route=%2Fwp%2Fv2%2Fmedia&parent=570383"}],"wp:term":[{"taxonomy":"category","embeddable":true,"href":"https:\/\/www.diarioimagen.net\/index.php?rest_route=%2Fwp%2Fv2%2Fcategories&post=570383"},{"taxonomy":"post_tag","embeddable":true,"href":"https:\/\/www.diarioimagen.net\/index.php?rest_route=%2Fwp%2Fv2%2Ftags&post=570383"}],"curies":[{"name":"wp","href":"https:\/\/api.w.org\/{rel}","templated":true}]}}