{"id":570515,"date":"2023-01-06T00:02:48","date_gmt":"2023-01-06T06:02:48","guid":{"rendered":"https:\/\/www.diarioimagen.net\/?p=570515"},"modified":"2023-01-06T02:50:38","modified_gmt":"2023-01-06T08:50:38","slug":"valle-de-chalco-solidaridad-el-bastion-mas-importante-para-el-partido-guinda","status":"publish","type":"post","link":"https:\/\/www.diarioimagen.net\/?p=570515","title":{"rendered":"Valle de Chalco Solidaridad, el basti\u00f3n m\u00e1s importante para el partido guinda"},"content":{"rendered":"<p>&nbsp;<\/p>\n<ul>\n<li><em><strong>Una de las zonas claves en la zona oriente<\/strong><\/em><\/li>\n<\/ul>\n<p>&nbsp;<\/p>\n<h6>Arturo Baena<\/h6>\n<p>&nbsp;<\/p>\n<div id=\"attachment_570604\" style=\"width: 470px\" class=\"wp-caption aligncenter\"><a href=\"https:\/\/www.diarioimagen.net\/?attachment_id=570604\" rel=\"attachment wp-att-570604\"><img loading=\"lazy\" decoding=\"async\" aria-describedby=\"caption-attachment-570604\" class=\"size-full wp-image-570604\" src=\"https:\/\/www.diarioimagen.net\/wp-content\/uploads\/2023\/01\/valle-de-chalco.jpg\" alt=\"\" width=\"460\" height=\"270\" \/><\/a><p id=\"caption-attachment-570604\" class=\"wp-caption-text\">El municipio gobernado por Armando Garc\u00eda M\u00e9ndez es uno en donde los programas sociales de la 4T han funcionado de manera eficaz y ha tenido gran aceptaci\u00f3n entre sus habitantes.<\/p><\/div>\n<p>&nbsp;<\/p>\n<p><strong>Valle de Chalco.\u2014<\/strong> Este a\u00f1o 2023 ser\u00e1 de definiciones electorales en el Estado de M\u00e9xico, pues parece ser que muchos pol\u00edticos est\u00e1n apuntando su atenci\u00f3n hacia\u00a0 algunos municipios importantes de esta entidad, ya que ser\u00e1n determinantes para la elecci\u00f3n a gobernador en el Estado de M\u00e9xico.<\/p>\n<p>Tal es el caso del municipio de Valle de Chalco Solidaridad, el cual tiene m\u00e1s de 271 mil electores en lista nominal, situ\u00e1ndose con una importancia fundamental\u00a0 en la zona oriente para estos comicios.<\/p>\n<p>El municipio gobernado por el morenista Armando Garc\u00eda M\u00e9ndez es uno en donde los programas sociales de la Cuarta Transformaci\u00f3n han funcionado de manera eficaz y ha tenido gran aceptaci\u00f3n entre sus habitantes, sobre todo con los adultos mayores, quienes el mate -en un evento donde asisti\u00f3 Ariadna Montiel Reyes, Secretaria del Bienestar del Gobierno de la Republica- m\u00e1s de 4 mil personas recibieron su Tarjeta del Bienestar, dando un total de 27 mil beneficiarios dentro de Valle de Chalco. Tambi\u00e9n cabe mencionar que fue el municipio donde se logr\u00f3 vacunar contra Covid-19 a gran parte de su poblaci\u00f3n, a pesar de solo contar con una sola sede para la\u00a0 aplicaci\u00f3n del f\u00e1rmaco.<\/p>\n<p>Adem\u00e1s de estos datos, los vallechalquenses han refrendado en dos administraciones su confianza al hoy alcalde, Garc\u00eda M\u00e9ndez.<\/p>\n<p>Por esas razones las miradas est\u00e1n puestas sobre Valle de Chalco Solidaridad, pues hace la diferencia con otros municipios de la zona oriente en donde los principios\u00a0de la 4T no se han llevado a cabo.<\/p>\n<p>Es un municipio joven, en el cual, en menos de 28 a\u00f1os, ha comenzado a tomar relevancia, pues algunos partidos opositores a Morena ya se encuentran operando en el municipio para comenzar a medir fuerza rumbo a la pr\u00f3xima elecci\u00f3n a realizarse el 4 junio del 2023.<\/p>\n","protected":false},"excerpt":{"rendered":"<p>Este a\u00f1o 2023 ser\u00e1 de definiciones electorales en el Estado de M\u00e9xico, pues parece ser que muchos pol\u00edticos est\u00e1n apuntando su atenci\u00f3n hacia\u00a0 algunos municipios importantes de esta entidad, ya que ser\u00e1n determinantes para la elecci\u00f3n a gobernador en el Estado de M\u00e9xico.<\/p>\n","protected":false},"author":3,"featured_media":570604,"comment_status":"open","ping_status":"open","sticky":false,"template":"","format":"standard","meta":{"_monsterinsights_skip_tracking":false,"_monsterinsights_sitenote_active":false,"_monsterinsights_sitenote_note":"","_monsterinsights_sitenote_category":0,"footnotes":""},"categories":[5],"tags":[95726,968],"class_list":["post-570515","post","type-post","status-publish","format-standard","has-post-thumbnail","hentry","category-estado-de-mexico","tag-partido-guinda","tag-valle-de-chalco"],"_links":{"self":[{"href":"https:\/\/www.diarioimagen.net\/index.php?rest_route=\/wp\/v2\/posts\/570515","targetHints":{"allow":["GET"]}}],"collection":[{"href":"https:\/\/www.diarioimagen.net\/index.php?rest_route=\/wp\/v2\/posts"}],"about":[{"href":"https:\/\/www.diarioimagen.net\/index.php?rest_route=\/wp\/v2\/types\/post"}],"author":[{"embeddable":true,"href":"https:\/\/www.diarioimagen.net\/index.php?rest_route=\/wp\/v2\/users\/3"}],"replies":[{"embeddable":true,"href":"https:\/\/www.diarioimagen.net\/index.php?rest_route=%2Fwp%2Fv2%2Fcomments&post=570515"}],"version-history":[{"count":0,"href":"https:\/\/www.diarioimagen.net\/index.php?rest_route=\/wp\/v2\/posts\/570515\/revisions"}],"wp:featuredmedia":[{"embeddable":true,"href":"https:\/\/www.diarioimagen.net\/index.php?rest_route=\/wp\/v2\/media\/570604"}],"wp:attachment":[{"href":"https:\/\/www.diarioimagen.net\/index.php?rest_route=%2Fwp%2Fv2%2Fmedia&parent=570515"}],"wp:term":[{"taxonomy":"category","embeddable":true,"href":"https:\/\/www.diarioimagen.net\/index.php?rest_route=%2Fwp%2Fv2%2Fcategories&post=570515"},{"taxonomy":"post_tag","embeddable":true,"href":"https:\/\/www.diarioimagen.net\/index.php?rest_route=%2Fwp%2Fv2%2Ftags&post=570515"}],"curies":[{"name":"wp","href":"https:\/\/api.w.org\/{rel}","templated":true}]}}