{"id":570517,"date":"2023-01-06T00:04:07","date_gmt":"2023-01-06T06:04:07","guid":{"rendered":"https:\/\/www.diarioimagen.net\/?p=570517"},"modified":"2023-01-06T02:52:09","modified_gmt":"2023-01-06T08:52:09","slug":"detienen-en-naucalpan-a-sujeto-por-robo-con-violencia","status":"publish","type":"post","link":"https:\/\/www.diarioimagen.net\/?p=570517","title":{"rendered":"Detienen en Naucalpan a sujeto por\u00a0robo con violencia"},"content":{"rendered":"<p>&nbsp;<\/p>\n<p><a href=\"https:\/\/www.diarioimagen.net\/?attachment_id=570610\" rel=\"attachment wp-att-570610\"><img loading=\"lazy\" decoding=\"async\" class=\"aligncenter size-full wp-image-570610\" src=\"https:\/\/www.diarioimagen.net\/wp-content\/uploads\/2023\/01\/detienen-naucalpan-1.jpg\" alt=\"\" width=\"460\" height=\"270\" \/><\/a><\/p>\n<p>&nbsp;<\/p>\n<p><strong>Naucalpan, Estado de M\u00e9xico.\u2014 <\/strong>Polic\u00edas municipales de esta localidad detuvieron a una persona como probable responsable de robo con violencia en la colonia Plan de Ayala, quien adem\u00e1s portaba un grillete electr\u00f3nico para su localizaci\u00f3n y contaba con un Informe Policial Homologado (IPH) por el mismo delito.<\/p>\n<p>La Direcci\u00f3n General de Seguridad Ciudadana y Tr\u00e1nsito Municipal de Naucalpan inform\u00f3 que en diferentes acciones tambi\u00e9n fueron detenidas dos personas, una por lesiones y otra por portaci\u00f3n de arma punzo cortante, adem\u00e1s de recuperarse un veh\u00edculo con reporte de robo en la colonia El Torito.<\/p>\n","protected":false},"excerpt":{"rendered":"<p>Polic\u00edas municipales de esta localidad detuvieron a una persona como probable responsable de robo con violencia en la colonia Plan de Ayala, quien adem\u00e1s portaba un grillete electr\u00f3nico para su localizaci\u00f3n y contaba con un Informe Policial Homologado (IPH) por el mismo delito.<\/p>\n","protected":false},"author":3,"featured_media":570610,"comment_status":"open","ping_status":"open","sticky":false,"template":"","format":"standard","meta":{"_monsterinsights_skip_tracking":false,"_monsterinsights_sitenote_active":false,"_monsterinsights_sitenote_note":"","_monsterinsights_sitenote_category":0,"footnotes":""},"categories":[5],"tags":[43675,970,13955,5066],"class_list":["post-570517","post","type-post","status-publish","format-standard","has-post-thumbnail","hentry","category-estado-de-mexico","tag-estado-de-mexico","tag-naucalpan","tag-robo","tag-violencia"],"_links":{"self":[{"href":"https:\/\/www.diarioimagen.net\/index.php?rest_route=\/wp\/v2\/posts\/570517","targetHints":{"allow":["GET"]}}],"collection":[{"href":"https:\/\/www.diarioimagen.net\/index.php?rest_route=\/wp\/v2\/posts"}],"about":[{"href":"https:\/\/www.diarioimagen.net\/index.php?rest_route=\/wp\/v2\/types\/post"}],"author":[{"embeddable":true,"href":"https:\/\/www.diarioimagen.net\/index.php?rest_route=\/wp\/v2\/users\/3"}],"replies":[{"embeddable":true,"href":"https:\/\/www.diarioimagen.net\/index.php?rest_route=%2Fwp%2Fv2%2Fcomments&post=570517"}],"version-history":[{"count":0,"href":"https:\/\/www.diarioimagen.net\/index.php?rest_route=\/wp\/v2\/posts\/570517\/revisions"}],"wp:featuredmedia":[{"embeddable":true,"href":"https:\/\/www.diarioimagen.net\/index.php?rest_route=\/wp\/v2\/media\/570610"}],"wp:attachment":[{"href":"https:\/\/www.diarioimagen.net\/index.php?rest_route=%2Fwp%2Fv2%2Fmedia&parent=570517"}],"wp:term":[{"taxonomy":"category","embeddable":true,"href":"https:\/\/www.diarioimagen.net\/index.php?rest_route=%2Fwp%2Fv2%2Fcategories&post=570517"},{"taxonomy":"post_tag","embeddable":true,"href":"https:\/\/www.diarioimagen.net\/index.php?rest_route=%2Fwp%2Fv2%2Ftags&post=570517"}],"curies":[{"name":"wp","href":"https:\/\/api.w.org\/{rel}","templated":true}]}}