{"id":570519,"date":"2023-01-06T00:03:36","date_gmt":"2023-01-06T06:03:36","guid":{"rendered":"https:\/\/www.diarioimagen.net\/?p=570519"},"modified":"2023-01-06T02:51:42","modified_gmt":"2023-01-06T08:51:42","slug":"reciben-trabajadores-suteymistas-de-naucalpan-fondo-de-ahorro-en-tiempo","status":"publish","type":"post","link":"https:\/\/www.diarioimagen.net\/?p=570519","title":{"rendered":"Reciben trabajadores suteymistas de Naucalpan fondo de ahorro, en tiempo"},"content":{"rendered":"<p>&nbsp;<\/p>\n<ul>\n<li><em><strong>Entregaron su dinero a poco m\u00e1s de 2 mil<\/strong><\/em><\/li>\n<\/ul>\n<p><strong>\u00a0<\/strong><\/p>\n<h6>Arturo Baena<\/h6>\n<p>&nbsp;<\/p>\n<div id=\"attachment_570608\" style=\"width: 470px\" class=\"wp-caption aligncenter\"><a href=\"https:\/\/www.diarioimagen.net\/?attachment_id=570608\" rel=\"attachment wp-att-570608\"><img loading=\"lazy\" decoding=\"async\" aria-describedby=\"caption-attachment-570608\" class=\"size-full wp-image-570608\" src=\"https:\/\/www.diarioimagen.net\/wp-content\/uploads\/2023\/01\/reciben-trabajadores.jpg\" alt=\"\" width=\"460\" height=\"270\" \/><\/a><p id=\"caption-attachment-570608\" class=\"wp-caption-text\">Tom\u00e1s Palomares Parra, dirigente SUTEyM secci\u00f3n Naucalpan, destac\u00f3 la importancia de promover entre los trabajadores sindicalizados la cultura del ahorro.<\/p><\/div>\n<p>&nbsp;<\/p>\n<p><strong>Naucalpan, Estado de M\u00e9xico.\u2014<\/strong> En tiempo y forma (c\u00f3mo cada a\u00f1o sucede) la clase trabajadora perteneciente al Sindicato \u00danico de Trabajadores del Estado y sus Municipios (SUTEyM) secci\u00f3n Naucalpan recibi\u00f3 su fondo de ahorro, que beneficia a miles de sindicalizados.<\/p>\n<p>En ese sentido, Tom\u00e1s Palomares Parra, dirigente de dicho gremio, destac\u00f3 la importancia de promover entre los trabajadores sindicalizados la cultura del ahorro que gracias a ello les ayuda a solventar gastos inesperados.<\/p>\n<p>\u201cCon el prop\u00f3sito de promover los derechos y la creaci\u00f3n de fondos y cajas de ahorro entre los trabajadores, as\u00ed como difundir los beneficios que ambos instrumentos tienen en la econom\u00eda familiar, seguiremos impulsando la cultura del ahorro entre los suteymistas\u201d, dijo.<\/p>\n<p>Acompa\u00f1ado de los secretarios de dicha secci\u00f3n sindical, el joven dirigente reiter\u00f3 que \u201caprender a ahorrar es importante porque ayuda a crear un fondo de emergencia o un colch\u00f3n financiero para poder cubrir gastos necesarios en caso de imprevistos y administrar las finanzas personales para llevar a cabo compras y planes\u201d, dijo.<\/p>\n<p>Palomares Parra reiter\u00f3 la necesidad de fomentar y desarrollar una mayor cultura de ahorro, teniendo en cuenta que el mismo, no solamente sirve para alcanzar metas y contar con un capital de inversi\u00f3n a largo plazo, sino que, \u201ctambi\u00e9n es necesario para crear un fondo y cubrir cualquier tipo de emergencia como pudiera ser una enfermedad o utilizar el ahorro en beneficio familiar\u201d, abund\u00f3.<\/p>\n<p>Desde las primeras horas del d\u00eda 3 y 4 del presente mes, poco m\u00e1s de 2 mil trabajadores suteymistas recibieron su capital que ahorraron a lo largo del a\u00f1o.<\/p>\n","protected":false},"excerpt":{"rendered":"<p>En tiempo y forma (c\u00f3mo cada a\u00f1o sucede) la clase trabajadora perteneciente al Sindicato \u00danico de Trabajadores del Estado y sus Municipios (SUTEyM) secci\u00f3n Naucalpan recibi\u00f3 su fondo de ahorro, que beneficia a miles de sindicalizados.<\/p>\n","protected":false},"author":3,"featured_media":570608,"comment_status":"open","ping_status":"open","sticky":false,"template":"","format":"standard","meta":{"_monsterinsights_skip_tracking":false,"_monsterinsights_sitenote_active":false,"_monsterinsights_sitenote_note":"","_monsterinsights_sitenote_category":0,"footnotes":""},"categories":[5],"tags":[2572,56429],"class_list":["post-570519","post","type-post","status-publish","format-standard","has-post-thumbnail","hentry","category-estado-de-mexico","tag-suteym","tag-tomas-palomares-parra"],"_links":{"self":[{"href":"https:\/\/www.diarioimagen.net\/index.php?rest_route=\/wp\/v2\/posts\/570519","targetHints":{"allow":["GET"]}}],"collection":[{"href":"https:\/\/www.diarioimagen.net\/index.php?rest_route=\/wp\/v2\/posts"}],"about":[{"href":"https:\/\/www.diarioimagen.net\/index.php?rest_route=\/wp\/v2\/types\/post"}],"author":[{"embeddable":true,"href":"https:\/\/www.diarioimagen.net\/index.php?rest_route=\/wp\/v2\/users\/3"}],"replies":[{"embeddable":true,"href":"https:\/\/www.diarioimagen.net\/index.php?rest_route=%2Fwp%2Fv2%2Fcomments&post=570519"}],"version-history":[{"count":0,"href":"https:\/\/www.diarioimagen.net\/index.php?rest_route=\/wp\/v2\/posts\/570519\/revisions"}],"wp:featuredmedia":[{"embeddable":true,"href":"https:\/\/www.diarioimagen.net\/index.php?rest_route=\/wp\/v2\/media\/570608"}],"wp:attachment":[{"href":"https:\/\/www.diarioimagen.net\/index.php?rest_route=%2Fwp%2Fv2%2Fmedia&parent=570519"}],"wp:term":[{"taxonomy":"category","embeddable":true,"href":"https:\/\/www.diarioimagen.net\/index.php?rest_route=%2Fwp%2Fv2%2Fcategories&post=570519"},{"taxonomy":"post_tag","embeddable":true,"href":"https:\/\/www.diarioimagen.net\/index.php?rest_route=%2Fwp%2Fv2%2Ftags&post=570519"}],"curies":[{"name":"wp","href":"https:\/\/api.w.org\/{rel}","templated":true}]}}