{"id":570521,"date":"2023-01-06T00:01:40","date_gmt":"2023-01-06T06:01:40","guid":{"rendered":"https:\/\/www.diarioimagen.net\/?p=570521"},"modified":"2023-01-06T02:51:09","modified_gmt":"2023-01-06T08:51:09","slug":"la-maestra-delfina-gomez-precandidata-unica-de-morena-al-gobierno-de-edomex","status":"publish","type":"post","link":"https:\/\/www.diarioimagen.net\/?p=570521","title":{"rendered":"La maestra Delfina G\u00f3mez, precandidata \u00fanica de Morena al gobierno de Edomex"},"content":{"rendered":"<p>&nbsp;<\/p>\n<ul>\n<li><em><strong>Horacio Duarte ser\u00e1 el coordinador de la campa\u00f1a<\/strong><\/em><\/li>\n<\/ul>\n<p><strong>\u00a0<\/strong><\/p>\n<h6>Arturo Baena<\/h6>\n<p>&nbsp;<\/p>\n<div id=\"attachment_570606\" style=\"width: 470px\" class=\"wp-caption aligncenter\"><a href=\"https:\/\/www.diarioimagen.net\/?attachment_id=570606\" rel=\"attachment wp-att-570606\"><img loading=\"lazy\" decoding=\"async\" aria-describedby=\"caption-attachment-570606\" class=\"size-full wp-image-570606\" src=\"https:\/\/www.diarioimagen.net\/wp-content\/uploads\/2023\/01\/maestra-delfina.jpg\" alt=\"\" width=\"460\" height=\"270\" \/><\/a><p id=\"caption-attachment-570606\" class=\"wp-caption-text\">Higinio Mart\u00ednez Miranda fungir\u00e1 como delegado especial del CEN de Morena en el Estado de M\u00e9xico.<\/p><\/div>\n<p>&nbsp;<\/p>\n<p><strong>Valle de M\u00e9xico.\u2014<\/strong> La maestra Delfina G\u00f3mez \u00c1lvarez ser\u00e1 la precandidata \u00fanica de Morena en el proceso para la gubernatura del Estado de M\u00e9xico, cuya jornada electoral ser\u00e1 el 4 de junio de 2023.<\/p>\n<p>\u201cEl Estado de M\u00e9xico es un estado con 18 millones de habitantes que necesita mucha atenci\u00f3n. Es un proyecto que hemos ansiado durante mucho tiempo. Tenemos toda la\u00a0 experiencia de hace seis a\u00f1os, pero, sobre todo, tenemos el compromiso y ese amor por darle lo mejor y representar a Morena en nuestro Estado de M\u00e9xico\u201d, Delfina G\u00f3mez. Delfina G\u00f3mez arrancar\u00e1 el proceso de precampa\u00f1a por la gubernatura del Estado de M\u00e9xico con una ventaja de m\u00e1s de 20 puntos en las preferencias electorales, de acuerdo con encuestas como \u201cParametr\u00eda\u201d, \u201cEnkoll\u201d \u201cTresearch International\u201d y \u201cDemoscopia\u201d, publicadas en medios nacionales como El Universal y El Financiero. En conferencia de prensa en la sede de Morena nacional, el mexiquense Horacio Duarte Olivares fue designado como Coordinador de la precampa\u00f1a, por su amplia experiencia en los procesos electorales y en la defensa del voto, adem\u00e1s de ser el abogado del desafuero de Andr\u00e9s Manuel L\u00f3pez Obrador.<\/p>\n<p>\u201cEl trabajo de mi compa\u00f1ero y amigo, el licenciado Horacio Duarte Olivares, fortalece este equipo, por lo que he decidido nombrarlo Coordinador de la precampa\u00f1a y\u00a0en su momento Coordinador de la campa\u00f1a formal\u201d, ahond\u00f3 la maestra Delfina G\u00f3mez.<\/p>\n<p>Por su parte, Higinio Mart\u00ednez Miranda fungir\u00e1 como delegado especial del CEN de Morena en el Estado de M\u00e9xico.<\/p>\n<p>\u201cEs una persona visionaria y que ha mostrado mucho cari\u00f1o por las y los mexiquenses, y mucho trabajo por el Estado de M\u00e9xico, por eso Higinio Mart\u00ednez ser\u00e1 el delegado\u00a0especial para el proceso electoral\u201d, explic\u00f3 G\u00f3mez \u00c1lvarez.<\/p>\n<p>En la trayectoria de la maestra Delfina G\u00f3mez destaca haber sido la primera mujer de izquierda en convertirse en alcaldesa en el Estado de M\u00e9xico (Texcoco, 2013-2015),\u00a0y la primera mujer secretaria de Educaci\u00f3n P\u00fablica.<\/p>\n<p>Adem\u00e1s, la maestra Delfina G\u00f3mez fue Delegada Federal de los Programas de Bienestar del gobierno del Presidente L\u00f3pez Obrador en el Estado de M\u00e9xico, as\u00ed como diputada federal y senadora de la Rep\u00fablica.<\/p>\n","protected":false},"excerpt":{"rendered":"<p>La maestra Delfina G\u00f3mez \u00c1lvarez ser\u00e1 la precandidata \u00fanica de Morena en el proceso para la gubernatura del Estado de M\u00e9xico, cuya jornada electoral ser\u00e1 el 4 de junio de 2023.<\/p>\n","protected":false},"author":3,"featured_media":570606,"comment_status":"open","ping_status":"open","sticky":false,"template":"","format":"standard","meta":{"_monsterinsights_skip_tracking":false,"_monsterinsights_sitenote_active":false,"_monsterinsights_sitenote_note":"","_monsterinsights_sitenote_category":0,"footnotes":""},"categories":[5],"tags":[57859,21746,34],"class_list":["post-570521","post","type-post","status-publish","format-standard","has-post-thumbnail","hentry","category-estado-de-mexico","tag-delfina-gomez-alvarez","tag-precandidata","tag-valle-de-mexico"],"_links":{"self":[{"href":"https:\/\/www.diarioimagen.net\/index.php?rest_route=\/wp\/v2\/posts\/570521","targetHints":{"allow":["GET"]}}],"collection":[{"href":"https:\/\/www.diarioimagen.net\/index.php?rest_route=\/wp\/v2\/posts"}],"about":[{"href":"https:\/\/www.diarioimagen.net\/index.php?rest_route=\/wp\/v2\/types\/post"}],"author":[{"embeddable":true,"href":"https:\/\/www.diarioimagen.net\/index.php?rest_route=\/wp\/v2\/users\/3"}],"replies":[{"embeddable":true,"href":"https:\/\/www.diarioimagen.net\/index.php?rest_route=%2Fwp%2Fv2%2Fcomments&post=570521"}],"version-history":[{"count":0,"href":"https:\/\/www.diarioimagen.net\/index.php?rest_route=\/wp\/v2\/posts\/570521\/revisions"}],"wp:featuredmedia":[{"embeddable":true,"href":"https:\/\/www.diarioimagen.net\/index.php?rest_route=\/wp\/v2\/media\/570606"}],"wp:attachment":[{"href":"https:\/\/www.diarioimagen.net\/index.php?rest_route=%2Fwp%2Fv2%2Fmedia&parent=570521"}],"wp:term":[{"taxonomy":"category","embeddable":true,"href":"https:\/\/www.diarioimagen.net\/index.php?rest_route=%2Fwp%2Fv2%2Fcategories&post=570521"},{"taxonomy":"post_tag","embeddable":true,"href":"https:\/\/www.diarioimagen.net\/index.php?rest_route=%2Fwp%2Fv2%2Ftags&post=570521"}],"curies":[{"name":"wp","href":"https:\/\/api.w.org\/{rel}","templated":true}]}}