{"id":570523,"date":"2023-01-06T00:01:31","date_gmt":"2023-01-06T06:01:31","guid":{"rendered":"https:\/\/www.diarioimagen.net\/?p=570523"},"modified":"2023-01-06T02:48:08","modified_gmt":"2023-01-06T08:48:08","slug":"celebramos-la-unidad-del-sector-turistico-convertido-en-fuerza-poderosa-judith-guerra","status":"publish","type":"post","link":"https:\/\/www.diarioimagen.net\/?p=570523","title":{"rendered":"\u201cCelebramos la unidad del sector tur\u00edstico convertido en fuerza poderosa\u201d, Judith Guerra"},"content":{"rendered":"<h2>De cinco estrellas<\/h2>\n<h5>Victoria Gonz\u00e1lez Prado<\/h5>\n<p>&nbsp;<\/p>\n<ul>\n<li><em><strong>Puerto Vallarta despedir\u00e1 el a\u00f1o con crecimiento de 22 por ciento m\u00e1s pasajeros: Sujey C\u00e1rdenas<\/strong><\/em><\/li>\n<\/ul>\n<p>&nbsp;<\/p>\n<div id=\"attachment_570599\" style=\"width: 450px\" class=\"wp-caption aligncenter\"><a href=\"https:\/\/www.diarioimagen.net\/?attachment_id=570599\" rel=\"attachment wp-att-570599\"><img loading=\"lazy\" decoding=\"async\" aria-describedby=\"caption-attachment-570599\" class=\"wp-image-570599\" src=\"https:\/\/www.diarioimagen.net\/wp-content\/uploads\/2023\/01\/turismo-2.jpg\" alt=\"\" width=\"440\" height=\"410\" \/><\/a><p id=\"caption-attachment-570599\" class=\"wp-caption-text\">Judith Guerra, Humberto Hern\u00e1ndez Haddad y Nathalie Desplas.<\/p><\/div>\n<p>&nbsp;<\/p>\n<p>Hoy 6 de enero, D\u00eda de los Reyes Magos deseamos que que hayan recibido todo aquello que so\u00f1aron, mientras tanto seguimos recordando las reuniones del reci\u00e9n concluido a\u00f1o 2022.<\/p>\n<p><strong>Judith Guerra Aguijosa<\/strong>, presidente de Grupo Mexicano de Asociaciones de Agencias de Viajes y Empresas Tur\u00edsticas (GMA) y CEO de <em>Consolid M\u00e9xico<\/em>, junto con su mesa directiva, organiz\u00f3 cena para despedir el a\u00f1o.<\/p>\n<p>La reuni\u00f3n tuvo lugar en el Hotel Marquis Reforma donde se dieron cita expresidentes de la GMA, secretarios de turismo de distintos estados de la Rep\u00fablica Mexicana, directores de aerol\u00edneas, socios, clientes y amigos.<\/p>\n<p>En su oportunidad, <strong>Judith <\/strong>dijo: \u201cesta noche celebramos la unidad del sector tur\u00edstico que se ha convertido en una fuerza poderosa. La uni\u00f3n entre el \u00e1mbito p\u00fablico y privado es vital para el buen funcionamiento de cualquier industria y somos una pieza determinante.<\/p>\n<p>\u201cNuestros asociados saben de la importancia de todos los integrantes del turismo, que son un eslab\u00f3n importante en la cadena de los servicios hoteles, agencias de viajes, operadoras receptivas y emisoras, transportadoras, siempre con una pol\u00edtica tur\u00edstica flexible. GMA seguir\u00e1 representando los proyectos de sus miembros\u201d.<\/p>\n<p>Asimismo, reconoci\u00f3 a compa\u00f1eros del turismo que se adelantaron en el camino entre ellos a <strong>Isaac Brown<\/strong>, quien fuera presidente de GMA y a <strong>Maru Bravo<\/strong>, fundadora y directora general de Viajes Coaplaza.<\/p>\n<p>Por su parte, <strong>Miguel Torruco Marqu\u00e9s<\/strong>, secretario de Turismo federal en mensaje grabadol, destac\u00f3 el trabajo coordinado que realiza la dependencia a su cargo con GMA para impulsar la profesionalizaci\u00f3n de quienes integran la cadena de valor del sector tur\u00edstico y felicit\u00f3 a todos los presidentes que integran esa organizaci\u00f3n en la que est\u00e0n hoteleros, transportadoras tur\u00edsticas, agencias de viajes y otros prestadores de servicios que forman parte de esta importante industria, por el papel que desempe\u00f1aron, para que despu\u00e9s de dos a\u00f1os muy cr\u00edticos en los que la industria del turismo se vio afectada finalmente haya salido fortalecida\u201d.<\/p>\n<p>Tambi\u00e9n, <strong>Humberto Hern\u00e1ndez Haddad<\/strong>, subsecretario de turismo de la Sectur, en su intervenci\u00f3n, subray\u00f3 que el turismo es una industria que requiere conocimientos multidisciplinarios en todos los campos. Por esta raz\u00f3n, debemos profesionalizar para impulsar la competitividad tur\u00edstica, creando en M\u00e9xico el nuevo par\u00e1metro de calidad en el turismo, esa es nuestra meta. M\u00e9xico ya es una potencia tur\u00edstica de calibre mundial y debe ganar cada d\u00eda mejores lugares en el ranking mundial del turismo\u201d,<\/p>\n<p>En la reuni\u00f3n estuvieron algunos secretarios de entidades de la Rep\u00fablica Mexicana entre ellos <strong>Nathalie Desplas Puel<\/strong>, titular de turismo de la Ciudad de M\u00e9xico quien record\u00f3 que el Tianguis Tur\u00edstico 2023 ser\u00e1 en la capital del pa\u00eds y dijo: \u201cestamos trabajando intensamente para hacer el mejor Tianguis. Seremos la capital de los viajes a nivel mundial durante cuatro d\u00edas, hagamos que sea el mejor.<\/p>\n<p>\u201cLograremos un evento sin precedentes que ponga muy en alto el nombre de la Ciudad de M\u00e9xico que lo tiene todo como dijo de forma muy acertada <strong>Antonio Guti\u00e9rrez<\/strong>, secretario general de la ONU: \u2018no hay tiempo que perder, representaremos y reinventaremos este sector\u2019.<\/p>\n<p><strong>Silvina Garc\u00eda Fillol<\/strong><em>, Country Manager <\/em>de <em>Universal Assistance <\/em>y una de las patrocinadoras dijo: \u201ccreo que las asociaciones tienen como finalidad asegurar a sus miembros para que cada vez este mercado sea m\u00e1s seguro, ah\u00ed est\u00e1 la labor del profesionista con sus clientes\u201d.<\/p>\n<p>Para dar paso al espect\u00e1culo flamenco que ameniz\u00f3 la reuni\u00f3n <strong>Judith Guerra<\/strong>, pidi\u00f3 a los expresidentes de GMA se acercaran al p\u00f3dium y copa en mano dijo: \u201ceste a\u00f1o termina, pero deja en nosotros invaluables experiencias al lado de todas las personas que apreciamos con las que tenemos un objetivo com\u00fan y que hoy est\u00e1n aqu\u00ed con nosotros\u201d, as\u00ed todos los ah\u00ed reunidos levantaron sus copas y brindaron por un feliz a\u00f1o 20232.<\/p>\n<p><strong>Sujey Cardenas<\/strong>, coordinadora de Relaciones Publicas del Fideicomiso de Turismo Puerto Vallarta, en representaci\u00f3n de <strong>Luis Villase\u00f1or<\/strong>, director del Fideicomiso organiz\u00f3 reuni\u00f3n de fin de a\u00f1o para agradecer a los medios de comunicaci\u00f3n su apoyo y continuar consolidando la relaci\u00f3n.<\/p>\n<p>Al hacer uso de la palabra, <strong>Sujey <\/strong>asegur\u00f3 que Puerto Vallarta presume con satisfacci\u00f3n que al cierre del 2022 obtuvo importantes resultados ya que el destin\u00f3 alcanz\u00f3 crecimiento de 22 por ciento en n\u00famero de pasajeros en comparaci\u00f3n con el a\u00f1o 2019.<\/p>\n<p>\u201cEn unas semanas esperamos recibir al visitante n\u00famero 6 millones en el destino y, en cuanto a cruceros se refiere Puerto Vallarta, recibi\u00f3 cerca de 350 mil cruceristas que llegaron a bordo de 186 buques, superando los n\u00fameros del 2019\u201d, asegur\u00f3.<\/p>\n<p>Cabe se\u00f1alar que el segmento de cruceros en Puerto Vallarta es uno de los m\u00e1s importantes ya que el gasto promedio de un crucerista es de alrededor de 130 d\u00f3lares y representa el 6 por ciento de la llegada de visitantes, que en este a\u00f1o logra\u00f3 recuperarse de dos a\u00f1os de pandemia que mantuvieron detenida toda actividad en el puerto.<\/p>\n<p>De igual forma, <strong>Sujey<\/strong> record\u00f3 que en el mes de julio del 2022 fueron superadas las cifras obtenidas en arribo de pasajeros v\u00eda a\u00e9rea en comparaci\u00f3n con a\u00f1os anteriores. El mercado nacional ha sido de los principales viajeros cautivos de Puerto Vallarta. En julio recibi\u00f3 140 mil 150 pasajeros v\u00eda a\u00e9rea, lo que represent\u00f3 30 por ciento de incremento en comparaci\u00f3n con 2021 a\u00f1o en el que se recibieron 108 mil 150 visitantes, y comparado con el a\u00f1o 2019 hubo 37 por ciento de incremento con 102 mil 100 usuarios y asegur\u00f3 que contin\u00faan increment\u00e1ndose los vuelos<\/p>\n<p>Puerto Vallarta tambi\u00e9n ha destacado por ser gran destino culinario lugar con bellos lugares para bodas y lunas de miel. \u201cTendremos exitoso cierre del a\u00f1o 2022. Logramos atravesar la etapa de recuperaci\u00f3n y hemos entrado a la de crecimiento\u201d, concluy\u00f3.<\/p>\n<p>&nbsp;<\/p>\n<blockquote>\n<p style=\"text-align: right;\">\u201c<strong>El<\/strong> <strong>\u00e1ngel de la fama tiene sus alas hechas de papel&#8230; peri\u00f3dico\u201d.<br \/>\n<\/strong><\/p>\n<\/blockquote>\n<p>&nbsp;<\/p>\n<p><em><span class=\"Apple-converted-space\"><a href=\"mailto:victoriagprado@gmail.com\" target=\"_blank\" rel=\"noopener noreferrer\">victoriagprado@gmail.com<\/a><br \/>\nTwitter: <a href=\"https:\/\/twitter.com\/victoriagprado\" target=\"_blank\" rel=\"noopener noreferrer\">@victoriagprado<\/a><\/span><\/em><\/p>\n","protected":false},"excerpt":{"rendered":"<p>Hoy 6 de enero, D\u00eda de los Reyes Magos deseamos que que hayan recibido todo aquello que so\u00f1aron, mientras tanto seguimos recordando las reuniones del reci\u00e9n concluido a\u00f1o 2022.\u00a0<\/p>\n","protected":false},"author":3,"featured_media":570600,"comment_status":"open","ping_status":"open","sticky":false,"template":"","format":"standard","meta":{"_monsterinsights_skip_tracking":false,"_monsterinsights_sitenote_active":false,"_monsterinsights_sitenote_note":"","_monsterinsights_sitenote_category":0,"footnotes":""},"categories":[11],"tags":[107,106],"class_list":["post-570523","post","type-post","status-publish","format-standard","has-post-thumbnail","hentry","category-turismo","tag-de-cinco-estrellas","tag-victoria-gonzalez-prado"],"_links":{"self":[{"href":"https:\/\/www.diarioimagen.net\/index.php?rest_route=\/wp\/v2\/posts\/570523","targetHints":{"allow":["GET"]}}],"collection":[{"href":"https:\/\/www.diarioimagen.net\/index.php?rest_route=\/wp\/v2\/posts"}],"about":[{"href":"https:\/\/www.diarioimagen.net\/index.php?rest_route=\/wp\/v2\/types\/post"}],"author":[{"embeddable":true,"href":"https:\/\/www.diarioimagen.net\/index.php?rest_route=\/wp\/v2\/users\/3"}],"replies":[{"embeddable":true,"href":"https:\/\/www.diarioimagen.net\/index.php?rest_route=%2Fwp%2Fv2%2Fcomments&post=570523"}],"version-history":[{"count":0,"href":"https:\/\/www.diarioimagen.net\/index.php?rest_route=\/wp\/v2\/posts\/570523\/revisions"}],"wp:featuredmedia":[{"embeddable":true,"href":"https:\/\/www.diarioimagen.net\/index.php?rest_route=\/wp\/v2\/media\/570600"}],"wp:attachment":[{"href":"https:\/\/www.diarioimagen.net\/index.php?rest_route=%2Fwp%2Fv2%2Fmedia&parent=570523"}],"wp:term":[{"taxonomy":"category","embeddable":true,"href":"https:\/\/www.diarioimagen.net\/index.php?rest_route=%2Fwp%2Fv2%2Fcategories&post=570523"},{"taxonomy":"post_tag","embeddable":true,"href":"https:\/\/www.diarioimagen.net\/index.php?rest_route=%2Fwp%2Fv2%2Ftags&post=570523"}],"curies":[{"name":"wp","href":"https:\/\/api.w.org\/{rel}","templated":true}]}}