{"id":570547,"date":"2023-01-06T00:05:00","date_gmt":"2023-01-06T06:05:00","guid":{"rendered":"https:\/\/www.diarioimagen.net\/?p=570547"},"modified":"2023-01-06T01:12:14","modified_gmt":"2023-01-06T07:12:14","slug":"eu-ordeno-la-recaptura-de-ovidio","status":"publish","type":"post","link":"https:\/\/www.diarioimagen.net\/?p=570547","title":{"rendered":"\u00bfEU orden\u00f3 la recaptura de Ovidio?"},"content":{"rendered":"<h2>Perfil de M\u00e9xico<\/h2>\n<h5>Armando R\u00edos Ruiz<\/h5>\n<p>&nbsp;<\/p>\n<p>En el pen\u00faltimo a\u00f1o de gobierno, el Presidente no ha cambiado un \u00e1pice el modelo para acabar con la llamada delincuencia organizada y cada vez que se refiere al caso, afirma que da resultados positivos. Es una de las grandes mentiras que, revuelta con el mont\u00f3n que diariamente profiere, se diluye, aunque no al grado de despreocupar a los mexicanos, que tienen que vivir en zozobra ante la fuerza devastadora que muestran los protegidos por una pol\u00edtica de terror.<\/p>\n<p>Gracias a ella, a los abrazos que sustituyeron la persecuci\u00f3n real del crimen, M\u00e9xico se satura cada d\u00eda m\u00e1s, con criminales que aparecen en todas partes y se adue\u00f1an de territorios, de comercios y de plano, del diario acontecer en la otrora a\u00f1orada provincia, en donde campeaba la paz, la tranquilidad y el buen \u00e1nimo de los habitantes. La llegada de Morena al poder s\u00f3lo vino a acrecentar el desaliento y la alarma constantes.<\/p>\n<p>No necesitamos que los modernos encargados de la seguridad nos digan que gracias a ellos, la delincuencia ha descendido a niveles nunca vistos. Ni que el Presidente afirme lo mismo, alentado por el prurito de mentir sin l\u00edmite. Sabemos a ciencia cierta c\u00f3mo se vive en lugares en donde nacimos y crecimos. En donde las exigencias son cada vez m\u00e1s incumplibles por cuantiosas, con la segura muerte sin miramientos de quienes no tienen posibilidades de pagar.<\/p>\n<p>Guerrero no es siquiera ejemplo. Es uno de tantos estados con un gobierno que no sirve m\u00e1s que para inaugurar eventos intrascendentes. En donde el crimen organizado demanda a los comerciantes el 50 por ciento de las ganancias, sin tomar en cuenta que tienen que pagar empleados. Reparar descomposturas. Cubrir los impuestos al gobernante que no se ocupa en desempe\u00f1ar cabalmente su misi\u00f3n de proteger, como demanda la Constituci\u00f3n.<\/p>\n<p>Hace apenas unos d\u00edas, sicarios de La Familia Michoacana sacaron de sus casas a siete personas, en un lugar conocido como El Durazno, en la regi\u00f3n de Tierra Caliente. Los asesinaron y transcurridas m\u00e1s de 24 horas, las autoridades no hab\u00edan aparecido por ning\u00fan lugar de la ejecuci\u00f3n. As\u00ed es como se gobierna en ese estado suriano, en donde \u201cLa muerte tiene permiso\u201d.<\/p>\n<p>Tanto ha avanzado el crimen en el territorio nacional durante los \u00faltimos cuatro a\u00f1os, que ya se escucha en diversos lugares la imposici\u00f3n de toques de queda por los mismos integrantes de grupos delictivos. Lo anterior, se ha dicho en esos rincones, para evitar que la ciudadan\u00eda quede atrapada entre fuegos cruzados, porque los pleitos por las conquistas obliga, obviamente, al uso de armas poderosas, que menudean en las filas de dichas organizaciones.<\/p>\n<p>Y 2023 despert\u00f3 con un nuevo acontecimiento en Sinaloa. Los medios locales dieron cuenta inmediatamente, de una nueva captura de Ovidio Guzm\u00e1n, hijo de \u201cEl Chapo\u201d, aprehendido por primera vez en 2019 y dejado en libertad por orden del mismo Presidente de M\u00e9xico, de acuerdo con su propia confesi\u00f3n. El noticiero de Carmen Aristegui confirm\u00f3 la versi\u00f3n.<\/p>\n<p>La informaci\u00f3n dice que la madrugada de este jueves 5 de enero,\u00a0Ovidio Guzm\u00e1n, hijo de \u2018El Chapo\u2019 Guzm\u00e1n, fue recapturado en la sindicatura de Jes\u00fas Mar\u00eda, en el municipio de Culiac\u00e1n, Sinaloa, de acuerdo con fuentes federales.<\/p>\n<p>La\u00a0capital de Sinaloa amaneci\u00f3 con balaceras y bloqueos\u00a0en diferentes zonas\u201d.<\/p>\n<p>Hasta el momento de escribir esta columna, no hab\u00eda m\u00e1s noticias al respecto. S\u00f3lo que la captura hab\u00eda provocado una serie de actos delictivos derivados de enfrentamientos entre el Ej\u00e9rcito mexicano y los sicarios de aquel c\u00e1rtel, con narcobloqueos, quema y robos de autom\u00f3viles, en la sindicatura de Jes\u00fas Mar\u00eda y en otras comunidades de la regi\u00f3n.<\/p>\n<p>Las preguntas que est\u00e1n en el aire son: \u00bfSe produjo una ruptura entre el gobierno y el c\u00e1rtel preferido? \u00bfHabr\u00e1 una nueva orden presidencial de dejar en libertad al nuevamente reci\u00e9n capturado? \u00bfEstados Unidos orden\u00f3 tajantemente la recaptura, previo a la\u00a0 Cumbre Anual de L\u00edderes de Am\u00e9rica del Norte? Tal vez quien lee tenga m\u00e1s preguntas.<\/p>\n<p><a href=\"mailto:ariosruiz@gmail.com\" target=\"_blank\" rel=\"noopener noreferrer\"><em>ariosruiz@gmail.com<\/em><\/a><\/p>\n","protected":false},"excerpt":{"rendered":"<p><span style=\"color: #005497;\"><strong>Armando R\u00edos Ruiz<\/strong><\/span><\/p>\n","protected":false},"author":3,"featured_media":0,"comment_status":"open","ping_status":"open","sticky":false,"template":"","format":"standard","meta":{"_monsterinsights_skip_tracking":false,"_monsterinsights_sitenote_active":false,"_monsterinsights_sitenote_note":"","_monsterinsights_sitenote_category":0,"footnotes":""},"categories":[88405],"tags":[88407,43674,91193],"class_list":["post-570547","post","type-post","status-publish","format-standard","hentry","category-armando-rios-ruiz","tag-armando-rios-ruiz","tag-opinion","tag-perfil-de-mexico"],"_links":{"self":[{"href":"https:\/\/www.diarioimagen.net\/index.php?rest_route=\/wp\/v2\/posts\/570547","targetHints":{"allow":["GET"]}}],"collection":[{"href":"https:\/\/www.diarioimagen.net\/index.php?rest_route=\/wp\/v2\/posts"}],"about":[{"href":"https:\/\/www.diarioimagen.net\/index.php?rest_route=\/wp\/v2\/types\/post"}],"author":[{"embeddable":true,"href":"https:\/\/www.diarioimagen.net\/index.php?rest_route=\/wp\/v2\/users\/3"}],"replies":[{"embeddable":true,"href":"https:\/\/www.diarioimagen.net\/index.php?rest_route=%2Fwp%2Fv2%2Fcomments&post=570547"}],"version-history":[{"count":0,"href":"https:\/\/www.diarioimagen.net\/index.php?rest_route=\/wp\/v2\/posts\/570547\/revisions"}],"wp:attachment":[{"href":"https:\/\/www.diarioimagen.net\/index.php?rest_route=%2Fwp%2Fv2%2Fmedia&parent=570547"}],"wp:term":[{"taxonomy":"category","embeddable":true,"href":"https:\/\/www.diarioimagen.net\/index.php?rest_route=%2Fwp%2Fv2%2Fcategories&post=570547"},{"taxonomy":"post_tag","embeddable":true,"href":"https:\/\/www.diarioimagen.net\/index.php?rest_route=%2Fwp%2Fv2%2Ftags&post=570547"}],"curies":[{"name":"wp","href":"https:\/\/api.w.org\/{rel}","templated":true}]}}